{"id":10014,"date":"2017-09-28T04:00:00","date_gmt":"2017-09-28T08:00:00","guid":{"rendered":"https:\/\/onbcanada.ca\/press_release\/pronto-canada-ouvrira-son-siege-social-nord-americain-pour-la-technologie-de-linformation-a-saint-john\/"},"modified":"2025-01-23T10:47:26","modified_gmt":"2025-01-23T15:47:26","slug":"pronto-canada-ouvrira-son-siege-social-nord-americain-pour-la-technologie-de-linformation-a-saint-john","status":"publish","type":"post","link":"https:\/\/onbcanada.ca\/fr\/pronto-canada-ouvrira-son-siege-social-nord-americain-pour-la-technologie-de-linformation-a-saint-john\/","title":{"rendered":"Pronto Canada ouvrira son si\u00e8ge social nord-am\u00e9ricain pour la technologie de l\u2019information \u00e0 Saint John"},"content":{"rendered":"<p>Le 28 septembre 2017,\u00a0SAINT JOHN (GNB) \u2013 Pronto Canada, une entreprise sp\u00e9cialis\u00e9e dans la r\u00e9novation r\u00e9sidentielle, \u00e9tablit \u00e0 Saint John son si\u00e8ge social vou\u00e9 \u00e0 la technologie de l\u2019information pour ses activit\u00e9s en Am\u00e9rique du Nord et cr\u00e9e 20 emplois avec le soutien du gouvernement provincial.<\/p>\n<p>\u00ab\u00a0Votre gouvernement a d\u00e9ploy\u00e9 des efforts consid\u00e9rables pour conclure de solides partenariats qui contribuent \u00e0 la croissance \u00e9conomique dans notre province\u00a0\u00bb, a d\u00e9clar\u00e9 le premier ministre, Brian Gallant. \u00ab\u00a0Nous sommes ravis que Pronto ait choisi Saint John pour y \u00e9tablir son si\u00e8ge social vou\u00e9 \u00e0 la technologie de l\u2019information et qu\u2019il embauchera des N\u00e9o-Brunswickois talentueux \u00e9voluant dans le secteur de la technologie en pleine effervescence.\u00a0\u00bb<\/p>\n<p>La soci\u00e9t\u00e9 Pronto a \u00e9t\u00e9 fond\u00e9e par des entrepreneurs du secteur de la technologie \u00e9tablis \u00e0 Atlanta, Boris Jerkunica et Erik Stadler, qui \u00e9taient d\u2019avis que la technologie de pointe pouvait aider l\u2019industrie des services r\u00e9sidentiels \u00e0 offrir \u00e0 sa client\u00e8le une meilleure exp\u00e9rience, et ce, dans de meilleurs d\u00e9lais. Ils ont donc lanc\u00e9 une application mobile avec quatre employ\u00e9s bricoleurs en ao\u00fbt 2015. Gr\u00e2ce au nouveau bureau \u00e0 Saint John, l\u2019entreprise pourra peaufiner davantage l\u2019application Pronto Pro \u00e0 mesure que l\u2019entreprise continuera \u00e0 prendre de l\u2019ampleur.<\/p>\n<p>\u00ab\u00a0Chez Pronto, nous sommes d\u00e9termin\u00e9s \u00e0 fournir un service \u00e0 la client\u00e8le de premi\u00e8re qualit\u00e9 par l\u2019entremise de notre application\u00a0\u00bb, a affirm\u00e9 le pr\u00e9sident-directeur g\u00e9n\u00e9ral de l\u2019entreprise, M. Stadler. \u00ab\u00a0Alors que nous continuons \u00e0 prendre de l\u2019expansion en Am\u00e9rique du Nord, nous allons d\u00e9pendre de nos \u00e9quipes responsables du d\u00e9veloppement de notre application et de l\u2019assurance de la qualit\u00e9, ici, \u00e0 Saint John. Nous remercions Opportunit\u00e9s NB et le gouvernement du Nouveau-Brunswick de leur appui et de l\u2019accueil chaleureux qu\u2019ils ont r\u00e9serv\u00e9s \u00e0 Pronto lors de notre implantation ici, \u00e0 Saint John.\u00a0\u00bb<\/p>\n<p>Les nouveaux postes devraient g\u00e9n\u00e9rer 722\u00a0540 dollars en imp\u00f4t provincial sur le revenu et devraient contribuer environ 5,8 millions de dollars au produit int\u00e9rieur brut (PIB) de la province au cours des quatre prochaines ann\u00e9es. Une fois que tous les emplois auront \u00e9t\u00e9 cr\u00e9\u00e9s, les employ\u00e9s devraient g\u00e9n\u00e9rer, selon les estimations, 440\u00a0000 dollars en imp\u00f4t provincial sur le revenu et devraient contribuer 2,7 millions de dollars au PIB sur une base annuelle.<\/p>\n<p>Afin de soutenir la cr\u00e9ation de ces nouveaux emplois, Pronto est admissible \u00e0 une aide financi\u00e8re d\u2019Opportunit\u00e9s NB jusqu\u2019\u00e0 concurrence de 345\u00a0000 dollars. Opportunit\u00e9s NB est une soci\u00e9t\u00e9 de la Couronne qui cherche \u00e0 attirer et \u00e0 appuyer des possibilit\u00e9s visant \u00e0 stimuler l\u2019\u00e9conomie et \u00e0 cr\u00e9er des emplois en offrant des services de soutien aux entreprises de la province.<\/p>\n<p>Le financement prend la forme de subventions salariales qui sont fond\u00e9es sur la performance et qui sont seulement vers\u00e9es \u00e0 une entreprise une fois que les emplois ont \u00e9t\u00e9 cr\u00e9\u00e9s et maintenus pendant un an et qu\u2019une preuve des niveaux de salaires et des emplois a \u00e9t\u00e9 fournie.<\/p>\n<p><img loading=\"lazy\" decoding=\"async\" class=\"alignnone wp-image-4785 size-full\" src=\"\/wp-content\/uploads\/2017\/09\/pronto-nbgov13-1-e1506625311692.jpg\" alt=\"Pronto Annoncement \u00e0 Saint John\" width=\"1500\" height=\"983\" \/><br \/>\nDans l\u2019ordre habituel : le maire de Saint John, Don Darling; Elad Shalom, dirigeant principal de la technologie, Pronto; le d\u00e9put\u00e9 de Saint John Harbour, Ed Doherty; et le premier ministre, Brian Gallant.<\/p>\n<h3><strong>RENSEIGNEMENTS POUR LES M\u00c9DIAS :<\/strong><\/h3>\n<p>Jeff Hull, communications, Opportunit\u00e9s NB, 506-453-8694.<\/p>\n","protected":false},"excerpt":{"rendered":"<p>Le 28 septembre 2017,\u00a0SAINT JOHN (GNB) \u2013 Pronto Canada, une entreprise sp\u00e9cialis\u00e9e dans la r\u00e9novation r\u00e9sidentielle, \u00e9tablit \u00e0 Saint John son si\u00e8ge social vou\u00e9 \u00e0 la technologie de l\u2019information pour [&hellip;]<\/p>\n","protected":false},"author":6,"featured_media":10016,"comment_status":"closed","ping_status":"open","sticky":false,"template":"","format":"standard","meta":{"_seopress_robots_primary_cat":"","_seopress_titles_title":"Pronto Canada ouvrira son si\u00e8ge social nord-am\u00e9ricain pour la technologie de l\u2019information \u00e0 Saint John","_seopress_titles_desc":"Pronto Canada, une entreprise sp\u00e9cialis\u00e9e dans la r\u00e9novation r\u00e9sidentielle, \u00e9tablit \u00e0 Saint John son si\u00e8ge social vou\u00e9 \u00e0 la technologie de l\u2019information...","_seopress_robots_index":"","footnotes":""},"categories":[572],"tags":[],"sub-category":[],"class_list":["post-10014","post","type-post","status-publish","format-standard","has-post-thumbnail","hentry","category-communiques-de-presse"],"meta_box":{"company_name":"","custom_url":""},"_links":{"self":[{"href":"https:\/\/onbcanada.ca\/fr\/wp-json\/wp\/v2\/posts\/10014","targetHints":{"allow":["GET"]}}],"collection":[{"href":"https:\/\/onbcanada.ca\/fr\/wp-json\/wp\/v2\/posts"}],"about":[{"href":"https:\/\/onbcanada.ca\/fr\/wp-json\/wp\/v2\/types\/post"}],"author":[{"embeddable":true,"href":"https:\/\/onbcanada.ca\/fr\/wp-json\/wp\/v2\/users\/6"}],"replies":[{"embeddable":true,"href":"https:\/\/onbcanada.ca\/fr\/wp-json\/wp\/v2\/comments?post=10014"}],"version-history":[{"count":1,"href":"https:\/\/onbcanada.ca\/fr\/wp-json\/wp\/v2\/posts\/10014\/revisions"}],"predecessor-version":[{"id":10015,"href":"https:\/\/onbcanada.ca\/fr\/wp-json\/wp\/v2\/posts\/10014\/revisions\/10015"}],"wp:featuredmedia":[{"embeddable":true,"href":"https:\/\/onbcanada.ca\/fr\/wp-json\/wp\/v2\/media\/10016"}],"wp:attachment":[{"href":"https:\/\/onbcanada.ca\/fr\/wp-json\/wp\/v2\/media?parent=10014"}],"wp:term":[{"taxonomy":"category","embeddable":true,"href":"https:\/\/onbcanada.ca\/fr\/wp-json\/wp\/v2\/categories?post=10014"},{"taxonomy":"post_tag","embeddable":true,"href":"https:\/\/onbcanada.ca\/fr\/wp-json\/wp\/v2\/tags?post=10014"},{"taxonomy":"sub-category","embeddable":true,"href":"https:\/\/onbcanada.ca\/fr\/wp-json\/wp\/v2\/sub-category?post=10014"}],"curies":[{"name":"wp","href":"https:\/\/api.w.org\/{rel}","templated":true}]}}