{"id":10095,"date":"2017-11-27T05:00:00","date_gmt":"2017-11-27T10:00:00","guid":{"rendered":"https:\/\/onbcanada.ca\/press_release\/entente-en-matiere-de-croissance-economique-conclue-avec-la-commission-de-services-regionaux-peninsule-acadienne\/"},"modified":"2025-01-23T11:16:20","modified_gmt":"2025-01-23T16:16:20","slug":"entente-en-matiere-de-croissance-economique-conclue-avec-la-commission-de-services-regionaux-peninsule-acadienne","status":"publish","type":"post","link":"https:\/\/onbcanada.ca\/fr\/entente-en-matiere-de-croissance-economique-conclue-avec-la-commission-de-services-regionaux-peninsule-acadienne\/","title":{"rendered":"Entente en mati\u00e8re de croissance \u00e9conomique conclue avec la Commission de services r\u00e9gionaux P\u00e9ninsule acadienne"},"content":{"rendered":"<p>Le 27 novembre 2017, CARAQUET (GNB) \u2013 La Commission de services r\u00e9gionaux P\u00e9ninsule acadienne a sign\u00e9, aujourd\u2019hui, un protocole d\u2019entente avec le gouvernement provincial pour encourager la collaboration entre les partenaires de la r\u00e9gion afin de tirer parti des possibilit\u00e9s li\u00e9es, entre autres, \u00e0 la main-d\u2019\u0153uvre et \u00e0 l\u2019infrastructure et de faire face aux d\u00e9fis qui y sont rattach\u00e9s.<\/p>\n<p>\u00ab Votre gouvernement est d\u00e9termin\u00e9 \u00e0 stimuler l\u2019\u00e9conomie et cr\u00e9er des emplois \u00bb, a affirm\u00e9 le ministre de l\u2019Environnement et des Gouvernements locaux, Serge Rousselle. \u00ab Nous savons que pour y parvenir, nous devons avoir de solides partenariats partout au Nouveau-Brunswick, et nous sommes heureux de travailler avec les intervenants de la P\u00e9ninsule acadienne pour obtenir la croissance que nous d\u00e9sirons tous. \u00bb<\/p>\n<p>M. Rousselle a sign\u00e9 l\u2019entente au nom de la ministre du D\u00e9veloppement \u00e9conomique, Francine Landry, qui est \u00e9galement ministre responsable d\u2019Opportunit\u00e9s NB.<\/p>\n<p>Ces ententes font partie d\u2019une initiative men\u00e9e par Opportunit\u00e9s NB dont l\u2019objectif est de signer d\u2019autres ententes du genre avec les 12 commissions de la province au cours des prochaines semaines. Ces ententes ont pour but de trouver des fa\u00e7ons d\u2019am\u00e9liorer la communication et de simplifier les processus entre les divers partenaires au sein de chaque r\u00e9gion.<\/p>\n<p>Opportunit\u00e9s NB est une soci\u00e9t\u00e9 de la Couronne qui cherche \u00e0 attirer et \u00e0 appuyer des possibilit\u00e9s visant \u00e0 stimuler l\u2019\u00e9conomie et \u00e0 cr\u00e9er des emplois. Elle offre des services de soutien aux entreprises de la province.<\/p>\n<p>\u00ab Il s\u2019agit d\u2019une excellente initiative \u00bb, a d\u00e9clar\u00e9 le pr\u00e9sident de la commission, Georges R. Savoie. \u00ab Nous sommes heureux de travailler avec Opportunit\u00e9s NB et les autres intervenants afin de contribuer \u00e0 renforcer nos communaut\u00e9s et \u00e0 stimuler l\u2019\u00e9conomie locale. \u00bb<\/p>\n<p>Selon les termes de l\u2019entente, Opportunit\u00e9s NB nommera un responsable du d\u00e9veloppement \u00e9conomique communautaire dans la r\u00e9gion. Cette personne rencontrera r\u00e9guli\u00e8rement les repr\u00e9sentants des administrations municipales, les comit\u00e9s consultatifs des districts de services locaux, les groupes industriels et les chambres de commerce ainsi que d\u2019autres intervenants locaux et r\u00e9gionaux afin de discuter de possibilit\u00e9s \u00e9conomiques pr\u00e9cises. Elle sera en mesure de soutenir les possibilit\u00e9s de croissance \u00e9conomique \u00e0 l\u2019\u00e9chelle locale et r\u00e9gionale gr\u00e2ce aux liens qu\u2019elle entretient avec les organismes et minist\u00e8res provinciaux et f\u00e9d\u00e9raux concern\u00e9s.<\/p>\n<p>Le processus de recrutement afin de pourvoir ce poste est d\u00e9j\u00e0 commenc\u00e9, et la personne qui sera embauch\u00e9e devrait entrer en fonction en janvier.<\/p>\n<h3><strong>RENSEIGNEMENTS POUR LES M\u00c9DIAS :<\/strong><\/h3>\n<p>Carolyn McCormack, communications, Opportunit\u00e9s NB, 506-453-8168.<\/p>\n","protected":false},"excerpt":{"rendered":"<p>Le 27 novembre 2017, CARAQUET (GNB) \u2013 La Commission de services r\u00e9gionaux P\u00e9ninsule acadienne a sign\u00e9, aujourd\u2019hui, un protocole d\u2019entente avec le gouvernement provincial pour encourager la collaboration entre les [&hellip;]<\/p>\n","protected":false},"author":6,"featured_media":0,"comment_status":"closed","ping_status":"open","sticky":false,"template":"","format":"standard","meta":{"_seopress_robots_primary_cat":"","_seopress_titles_title":"Entente en mati\u00e8re de croissance \u00e9conomique conclue avec la Commission de services r\u00e9gionaux P\u00e9ninsule acadienne","_seopress_titles_desc":"La Commission de services r\u00e9gionaux P\u00e9ninsule acadienne a sign\u00e9 un protocole d\u2019entente avec le gouvernement provincial pour encourager la collaboration.","_seopress_robots_index":"","footnotes":""},"categories":[572],"tags":[],"sub-category":[],"class_list":["post-10095","post","type-post","status-publish","format-standard","hentry","category-communiques-de-presse"],"meta_box":{"company_name":"","custom_url":""},"_links":{"self":[{"href":"https:\/\/onbcanada.ca\/fr\/wp-json\/wp\/v2\/posts\/10095","targetHints":{"allow":["GET"]}}],"collection":[{"href":"https:\/\/onbcanada.ca\/fr\/wp-json\/wp\/v2\/posts"}],"about":[{"href":"https:\/\/onbcanada.ca\/fr\/wp-json\/wp\/v2\/types\/post"}],"author":[{"embeddable":true,"href":"https:\/\/onbcanada.ca\/fr\/wp-json\/wp\/v2\/users\/6"}],"replies":[{"embeddable":true,"href":"https:\/\/onbcanada.ca\/fr\/wp-json\/wp\/v2\/comments?post=10095"}],"version-history":[{"count":1,"href":"https:\/\/onbcanada.ca\/fr\/wp-json\/wp\/v2\/posts\/10095\/revisions"}],"predecessor-version":[{"id":10096,"href":"https:\/\/onbcanada.ca\/fr\/wp-json\/wp\/v2\/posts\/10095\/revisions\/10096"}],"wp:attachment":[{"href":"https:\/\/onbcanada.ca\/fr\/wp-json\/wp\/v2\/media?parent=10095"}],"wp:term":[{"taxonomy":"category","embeddable":true,"href":"https:\/\/onbcanada.ca\/fr\/wp-json\/wp\/v2\/categories?post=10095"},{"taxonomy":"post_tag","embeddable":true,"href":"https:\/\/onbcanada.ca\/fr\/wp-json\/wp\/v2\/tags?post=10095"},{"taxonomy":"sub-category","embeddable":true,"href":"https:\/\/onbcanada.ca\/fr\/wp-json\/wp\/v2\/sub-category?post=10095"}],"curies":[{"name":"wp","href":"https:\/\/api.w.org\/{rel}","templated":true}]}}