{"id":10104,"date":"2017-12-18T05:00:00","date_gmt":"2017-12-18T10:00:00","guid":{"rendered":"https:\/\/onbcanada.ca\/press_release\/entente-de-developpement-economique-conclue-avec-la-commission-de-services-regionaux-de-fundy\/"},"modified":"2025-01-23T11:18:49","modified_gmt":"2025-01-23T16:18:49","slug":"entente-de-developpement-economique-conclue-avec-la-commission-de-services-regionaux-de-fundy","status":"publish","type":"post","link":"https:\/\/onbcanada.ca\/fr\/entente-de-developpement-economique-conclue-avec-la-commission-de-services-regionaux-de-fundy\/","title":{"rendered":"Entente de d\u00e9veloppement \u00e9conomique conclue avec la Commission de services r\u00e9gionaux de Fundy"},"content":{"rendered":"<p>Le 18 d\u00e9cembre 2017, SAINT JOHN (GNB) \u2013 La Commission de services r\u00e9gionaux de Fundy figure d\u00e9sormais parmi les commissions qui ont sign\u00e9 un protocole d\u2019entente avec le gouvernement provincial en vue de favoriser la collaboration pour aider \u00e0 stimuler la croissance des \u00e9conomies locale et r\u00e9gionale.<\/p>\n<p>\u00ab En travaillant ensemble, nous continuerons \u00e0 faire cro\u00eetre l\u2019\u00e9conomie du Nouveau-Brunswick \u00bb, a d\u00e9clar\u00e9 le premier ministre, Brian Gallant. \u00ab Nous sommes chanceux, au Nouveau-Brunswick, de pouvoir compter sur des dirigeants bien inform\u00e9s et soucieux de l\u2019int\u00e9r\u00eat communautaire. Votre gouvernement est ravi de travailler avec eux afin de renforcer l\u2019\u00e9conomie de la grande r\u00e9gion de Saint John et de la r\u00e9gion de Fundy. \u00bb<\/p>\n<p>Les ententes font partie d\u2019une initiative men\u00e9e par Opportunit\u00e9s NB dont l\u2019objectif est de signer d\u2019autres ententes du genre avec les 12 commissions de services r\u00e9gionaux de la province. Le but est de trouver des fa\u00e7ons d\u2019am\u00e9liorer la communication et de simplifier les processus entre les divers partenaires au sein de chaque r\u00e9gion.<\/p>\n<p>Opportunit\u00e9s NB est une soci\u00e9t\u00e9 de la Couronne qui cherche \u00e0 attirer et \u00e0 appuyer des possibilit\u00e9s visant \u00e0 stimuler l\u2019\u00e9conomie et \u00e0 cr\u00e9er des emplois. Elle offre des services de soutien aux entreprises de la province.<\/p>\n<p>\u00ab Nous disposons de nombreux atouts dans la r\u00e9gion de Fundy, dont des organismes de d\u00e9veloppement \u00e9conomique, des \u00e9tablissements postsecondaires et un secteur industriel dynamique \u00bb, a dit le pr\u00e9sident de la Commission de services r\u00e9gionaux de Fundy, Gary Clark. \u00ab Nous avons h\u00e2te de travailler avec Opportunit\u00e9s NB et le gouvernement pour rassembler tous les intervenants et nous concerter davantage dans le but de soutenir notre communaut\u00e9. \u00bb<\/p>\n<p>Selon les termes de l\u2019entente, Opportunit\u00e9s NB nommera un responsable du d\u00e9veloppement \u00e9conomique communautaire dans la r\u00e9gion. Cette personne rencontrera r\u00e9guli\u00e8rement les repr\u00e9sentants des administrations municipales, les comit\u00e9s consultatifs des districts de services locaux, les groupes industriels et les chambres de commerce ainsi que d\u2019autres intervenants locaux et r\u00e9gionaux afin de discuter de possibilit\u00e9s \u00e9conomiques pr\u00e9cises. Elle sera en mesure de soutenir les possibilit\u00e9s de croissance \u00e9conomique \u00e0 l\u2019\u00e9chelle locale et r\u00e9gionale gr\u00e2ce aux liens qu\u2019elle entretient avec les organismes et minist\u00e8res provinciaux et f\u00e9d\u00e9raux concern\u00e9s.<\/p>\n<p>Le processus de recrutement afin de pourvoir ce poste est d\u00e9j\u00e0 commenc\u00e9, et la personne qui sera embauch\u00e9e devrait entrer en fonction en janvier.<\/p>\n<h3><strong>RENSEIGNEMENTS POUR LES M\u00c9DIAS :<\/strong><\/h3>\n<p>Carolyn McCormack, communications, Opportunit\u00e9s NB, 506-453-8168.<\/p>\n","protected":false},"excerpt":{"rendered":"<p>Le 18 d\u00e9cembre 2017, SAINT JOHN (GNB) \u2013 La Commission de services r\u00e9gionaux de Fundy figure d\u00e9sormais parmi les commissions qui ont sign\u00e9 un protocole d\u2019entente avec le gouvernement provincial [&hellip;]<\/p>\n","protected":false},"author":6,"featured_media":0,"comment_status":"closed","ping_status":"open","sticky":false,"template":"","format":"standard","meta":{"_seopress_robots_primary_cat":"","_seopress_titles_title":"Entente de d\u00e9veloppement \u00e9conomique conclue avec la Commission de services r\u00e9gionaux de Fundy","_seopress_titles_desc":"La Commission de services r\u00e9gionaux de Fundy figure d\u00e9sormais parmi les commissions qui ont sign\u00e9 un protocole d\u2019entente avec le gouvernement provincial.","_seopress_robots_index":"","footnotes":""},"categories":[572],"tags":[],"sub-category":[],"class_list":["post-10104","post","type-post","status-publish","format-standard","hentry","category-communiques-de-presse"],"meta_box":{"company_name":"","custom_url":""},"_links":{"self":[{"href":"https:\/\/onbcanada.ca\/fr\/wp-json\/wp\/v2\/posts\/10104","targetHints":{"allow":["GET"]}}],"collection":[{"href":"https:\/\/onbcanada.ca\/fr\/wp-json\/wp\/v2\/posts"}],"about":[{"href":"https:\/\/onbcanada.ca\/fr\/wp-json\/wp\/v2\/types\/post"}],"author":[{"embeddable":true,"href":"https:\/\/onbcanada.ca\/fr\/wp-json\/wp\/v2\/users\/6"}],"replies":[{"embeddable":true,"href":"https:\/\/onbcanada.ca\/fr\/wp-json\/wp\/v2\/comments?post=10104"}],"version-history":[{"count":1,"href":"https:\/\/onbcanada.ca\/fr\/wp-json\/wp\/v2\/posts\/10104\/revisions"}],"predecessor-version":[{"id":10105,"href":"https:\/\/onbcanada.ca\/fr\/wp-json\/wp\/v2\/posts\/10104\/revisions\/10105"}],"wp:attachment":[{"href":"https:\/\/onbcanada.ca\/fr\/wp-json\/wp\/v2\/media?parent=10104"}],"wp:term":[{"taxonomy":"category","embeddable":true,"href":"https:\/\/onbcanada.ca\/fr\/wp-json\/wp\/v2\/categories?post=10104"},{"taxonomy":"post_tag","embeddable":true,"href":"https:\/\/onbcanada.ca\/fr\/wp-json\/wp\/v2\/tags?post=10104"},{"taxonomy":"sub-category","embeddable":true,"href":"https:\/\/onbcanada.ca\/fr\/wp-json\/wp\/v2\/sub-category?post=10104"}],"curies":[{"name":"wp","href":"https:\/\/api.w.org\/{rel}","templated":true}]}}