{"id":10462,"date":"2019-11-22T12:18:52","date_gmt":"2019-11-22T17:18:52","guid":{"rendered":"https:\/\/onbcanada.ca\/press_release\/rencontre-gouvernement-intervenants-discuter-plan-belledune\/"},"modified":"2025-01-23T11:52:07","modified_gmt":"2025-01-23T16:52:07","slug":"rencontre-gouvernement-intervenants-discuter-plan-belledune","status":"publish","type":"post","link":"https:\/\/onbcanada.ca\/fr\/rencontre-gouvernement-intervenants-discuter-plan-belledune\/","title":{"rendered":"Rencontre entre le gouvernement et des intervenants pour discuter d\u2019un plan de redressement pour Belledune"},"content":{"rendered":"<p><span class=\"post_date\">Le 22 novembre 2019, <\/span>FREDERICTON (GNB) \u2013 Des repr\u00e9sentants du gouvernement provincial et des intervenants de la r\u00e9gion de Belledune se sont rencontr\u00e9s, aujourd\u2019hui, pour commencer \u00e0 \u00e9laborer un plan de redressement pour la communaut\u00e9.<\/p>\n<div class=\"articleBody\">\n<p>La fonderie Brunswick devrait fermer ses postes \u00e0 la fin de l\u2019ann\u00e9e, entra\u00eenant la perte de plus de 400 emplois directs. Plus t\u00f4t cette semaine, le gouvernement a annonc\u00e9 la cr\u00e9ation d\u2019un comit\u00e9 transitionnel d\u2019adaptation pour venir en aide aux anciens employ\u00e9s et \u00e0 la communaut\u00e9.<\/p>\n<p>\u00ab\u00a0Aujourd\u2019hui, nous faisons le point sur le comit\u00e9 et l\u2019\u00e9tat des choses au cours de la derni\u00e8re semaine\u00a0\u00bb, a d\u00e9clar\u00e9 le ministre de l\u2019\u00c9ducation postsecondaire, de la Formation et du Travail, Trevor Holder. \u00ab\u00a0J\u2019\u00e9tais heureux d\u2019\u00eatre accompagn\u00e9 du premier ministre, Blaine Higgs, de la ministre du D\u00e9veloppement \u00e9conomique et des Petites Entreprises, Mary Wilson, et du ministre du Tourisme, du Patrimoine et de la Culture, Robert Gauvin, pour d\u00e9montrer notre engagement \u00e0 trouver de nouvelles possibilit\u00e9s d\u2019emploi et de d\u00e9veloppement \u00e9conomique.\u00a0\u00bb<\/p>\n<p>Le pr\u00e9sident-directeur g\u00e9n\u00e9ral du port de Belledune, Denis Caron, a \u00e9t\u00e9 nomm\u00e9 pr\u00e9sident du comit\u00e9 transitionnel d\u2019adaptation. Les autres membres du comit\u00e9 devraient \u00eatre connus la semaine prochaine.<\/p>\n<p>Le cadre de r\u00e9f\u00e9rence du comit\u00e9 a \u00e9t\u00e9 examin\u00e9 lors de la r\u00e9union d\u2019aujourd\u2019hui, et on a aussi discut\u00e9 de la composition du comit\u00e9. Il a \u00e9t\u00e9 d\u00e9cid\u00e9 que deux groupes de travail seraient form\u00e9s au sein du comit\u00e9\u00a0: un des groupes appuiera la transition des travailleurs touch\u00e9s vers d\u2019autres possibilit\u00e9s au sein de la population active, tandis que l\u2019autre sera responsable de soutenir des possibilit\u00e9s de d\u00e9veloppement \u00e9conomique au sein du secteur priv\u00e9 dans la r\u00e9gion du Nord.<\/p>\n<p>\u00ab\u00a0Cette fermeture n\u2019est pas la nouvelle que nous voulions, mais nous avons un groupe de personnes qui travaillent fort et qui sont d\u00e9termin\u00e9es \u00e0 trouver de nouvelles possibilit\u00e9s de d\u00e9veloppement \u00e9conomique pour la r\u00e9gion\u00a0\u00bb, a affirm\u00e9 Mme Wilson, qui est \u00e9galement ministre responsable d\u2019Opportunit\u00e9s NB. \u00ab\u00a0Nous sommes plus forts lorsque nous travaillons ensemble vers un objectif commun. Toutes les personnes concern\u00e9es ont montr\u00e9 une r\u00e9elle volont\u00e9 de le faire et d\u2019aider ces travailleurs, leur famille et la communaut\u00e9 \u00e0 surmonter ce d\u00e9fi.\u00a0\u00bb<\/p>\n<div class=\"sectiontitle\">\n<div class=\"normal\">\n<div class=\"leftcurve\">\n<h3 class=\"title\">Renseignements pour les m\u00e9dias :<\/h3>\n<\/div>\n<\/div>\n<\/div>\n<div class=\"box shaded padded\">\n<p>Leigh Watson, communications, minist\u00e8re de l\u2019\u00c9ducation postsecondaire, de la Formation et du Travail,\u00a0<strong><a href=\"mailto:leigh.watson@gnb.ca\" target=\"_blank\" rel=\"noopener noreferrer\">leigh.watson@gnb.ca<\/a><\/strong>.<\/p>\n<\/div>\n<\/div>\n","protected":false},"excerpt":{"rendered":"<p>Le 22 novembre 2019, FREDERICTON (GNB) \u2013 Des repr\u00e9sentants du gouvernement provincial et des intervenants de la r\u00e9gion de Belledune se sont rencontr\u00e9s, aujourd\u2019hui, pour commencer \u00e0 \u00e9laborer un plan [&hellip;]<\/p>\n","protected":false},"author":6,"featured_media":0,"comment_status":"closed","ping_status":"open","sticky":false,"template":"","format":"standard","meta":{"_seopress_robots_primary_cat":"","_seopress_titles_title":"%%title%% %%page%%","_seopress_titles_desc":"","_seopress_robots_index":"","footnotes":""},"categories":[572],"tags":[],"sub-category":[],"class_list":["post-10462","post","type-post","status-publish","format-standard","hentry","category-communiques-de-presse"],"meta_box":{"company_name":"","custom_url":""},"_links":{"self":[{"href":"https:\/\/onbcanada.ca\/fr\/wp-json\/wp\/v2\/posts\/10462","targetHints":{"allow":["GET"]}}],"collection":[{"href":"https:\/\/onbcanada.ca\/fr\/wp-json\/wp\/v2\/posts"}],"about":[{"href":"https:\/\/onbcanada.ca\/fr\/wp-json\/wp\/v2\/types\/post"}],"author":[{"embeddable":true,"href":"https:\/\/onbcanada.ca\/fr\/wp-json\/wp\/v2\/users\/6"}],"replies":[{"embeddable":true,"href":"https:\/\/onbcanada.ca\/fr\/wp-json\/wp\/v2\/comments?post=10462"}],"version-history":[{"count":1,"href":"https:\/\/onbcanada.ca\/fr\/wp-json\/wp\/v2\/posts\/10462\/revisions"}],"predecessor-version":[{"id":10463,"href":"https:\/\/onbcanada.ca\/fr\/wp-json\/wp\/v2\/posts\/10462\/revisions\/10463"}],"wp:attachment":[{"href":"https:\/\/onbcanada.ca\/fr\/wp-json\/wp\/v2\/media?parent=10462"}],"wp:term":[{"taxonomy":"category","embeddable":true,"href":"https:\/\/onbcanada.ca\/fr\/wp-json\/wp\/v2\/categories?post=10462"},{"taxonomy":"post_tag","embeddable":true,"href":"https:\/\/onbcanada.ca\/fr\/wp-json\/wp\/v2\/tags?post=10462"},{"taxonomy":"sub-category","embeddable":true,"href":"https:\/\/onbcanada.ca\/fr\/wp-json\/wp\/v2\/sub-category?post=10462"}],"curies":[{"name":"wp","href":"https:\/\/api.w.org\/{rel}","templated":true}]}}