{"id":10523,"date":"2021-08-18T21:15:23","date_gmt":"2021-08-19T01:15:23","guid":{"rendered":"https:\/\/onbcanada.ca\/press_release\/volet-dimmigration-colleges\/"},"modified":"2025-01-23T12:09:13","modified_gmt":"2025-01-23T17:09:13","slug":"volet-dimmigration-colleges","status":"publish","type":"post","link":"https:\/\/onbcanada.ca\/fr\/volet-dimmigration-colleges\/","title":{"rendered":"Nouveau volet d\u2019immigration \u00e0 l\u2019intention des dipl\u00f4m\u00e9s \u00e9trangers de coll\u00e8ges professionnels priv\u00e9s"},"content":{"rendered":"<p><span class=\"post_date\">Le 18 ao\u00fbt 2021, <\/span>FREDERICTON (GNB) \u2013 Opportunit\u00e9s NB met \u00e0 l\u2019essai un nouveau volet d\u2019immigration pour soutenir les besoins croissants de la province en main-d\u2019\u0153uvre, en collaboration avec Immigration, R\u00e9fugi\u00e9s et Citoyennet\u00e9 Canada.<\/p>\n<div class=\"articleBody\">\n<p>\u00c0 compter du 1<sup>er<\/sup>\u00a0avril 2022, les \u00e9tudiants \u00e9trangers qui ont obtenu leur dipl\u00f4me dans un des quatre coll\u00e8ges priv\u00e9s de longue date du Nouveau-Brunswick, et qui ont \u00e9tudi\u00e9 dans l\u2019une des 19 professions cibl\u00e9es, pourront soumettre une demande dans le cadre du Programme des candidats du Nouveau-Brunswick. Ils pourront ainsi travailler et continuer \u00e0 vivre dans la province en attendant d\u2019obtenir leur r\u00e9sidence permanente.<\/p>\n<p>Les \u00e9tablissements participants sont les suivants\u00a0:<\/p>\n<ul>\n<li>Atlantic Business College;<\/li>\n<li>Eastern College;<\/li>\n<li>McKenzie College; et<\/li>\n<li>Coll\u00e8ge Oulton.<\/li>\n<\/ul>\n<p>\u00ab\u00a0Nous sommes ravis d\u2019aider \u00e0 retenir plus d\u2019\u00e9tudiants \u00e9trangers en ouvrant une voie novatrice faite pour le Nouveau-Brunswick\u00a0\u00bb, a d\u00e9clar\u00e9 la ministre responsable d&rsquo;Opportunit\u00e9s NB, Arlene Dunn. \u00ab\u00a0\u00c9tant donn\u00e9 la concurrence accrue pour une main-d\u2019\u0153uvre qualifi\u00e9e, la possibilit\u00e9 d\u2019aider les \u00e9tudiants \u00e9trangers \u00e0 devenir des r\u00e9sidents permanents est d\u2019une tr\u00e8s grande importance.\u00a0\u00bb<\/p>\n<p>\u00ab\u00a0Nous travaillons sur cette initiative depuis un certain temps d\u00e9j\u00e0 et nous sommes heureux de la voir aboutir\u00a0\u00bb, a affirm\u00e9 le ministre de l\u2019\u00c9ducation postsecondaire, de la Formation et du Travail, Trevor Holder. \u00ab\u00a0Les nouveaux arrivants sont essentiels pour faire face aux d\u00e9fis de notre march\u00e9 du travail et, en offrant ce volet d\u2019immigration suppl\u00e9mentaire, nous donnons \u00e0 un plus grand nombre d\u2019\u00e9tablissements d\u2019enseignement postsecondaire la possibilit\u00e9 de former les travailleurs sp\u00e9cialis\u00e9s dont le Nouveau-Brunswick a besoin.\u00a0\u00bb<\/p>\n<p>Ce volet sera offert aux nouveaux dipl\u00f4m\u00e9s des \u00e9tablissements d\u00e9sign\u00e9s qui ne sont pas actuellement admissibles au Programme f\u00e9d\u00e9ral de permis de travail postdipl\u00f4me. Ce volet aura lieu dans les \u00e9tablissements d\u2019enseignement du Nouveau-Brunswick qui sont d\u00e9sign\u00e9s depuis au moins cinq ans et qui offrent des programmes de formation admissibles dans les secteurs de l\u2019\u00e9ducation et du d\u00e9veloppement social, des soins de sant\u00e9, des technologies de l\u2019information et de la cybers\u00e9curit\u00e9, de l\u2019administration des affaires, ainsi que de la cha\u00eene d\u2019approvisionnement et de la logistique. D\u2019autres volets sont offerts aux \u00e9tudiants \u00e9trangers qui re\u00e7oivent leur dipl\u00f4me d\u2019un \u00e9tablissement d\u2019enseignement postsecondaire financ\u00e9 par des fonds publics au Nouveau-Brunswick.<\/p>\n<p>\u00ab\u00a0Depuis des g\u00e9n\u00e9rations, les coll\u00e8ges priv\u00e9s d\u2019enseignement professionnel aident les \u00e9tudiants d\u2019ici \u00e0 acqu\u00e9rir les comp\u00e9tences dont ils ont besoin pour r\u00e9ussir, et nous sommes pr\u00eats \u00e0 contribuer aux efforts visant \u00e0 attirer des \u00e9tudiants \u00e9trangers dans notre province afin de participer \u00e0 ce nouveau programme emballant\u00a0\u00bb, a dit le pr\u00e9sident de la New Brunswick Association of Private Colleges and Universities, Tony Reeder. \u00ab\u00a0Nous avons collabor\u00e9 \u00e9troitement avec Opportunit\u00e9s NB afin de fournir des recommandations relatives au programme et \u00e0 sa gestion afin de veiller \u00e0 ce que le programme r\u00e9ponde aux besoins de tous les intervenants.\u00a0\u00bb<\/p>\n<p>Les professions cibl\u00e9es pour ce projet pilote sont les suivantes\u00a0:<\/p>\n<ul>\n<li>travailleurs de services sociaux et communautaires;<\/li>\n<li>\u00e9ducateurs et aides-\u00e9ducateurs de la petite enfance;<\/li>\n<li>assistants en \u00e9ducation;<\/li>\n<li>aides en soins de sant\u00e9;<\/li>\n<li>personnel des services de soutien \u00e0 domicile;<\/li>\n<li>personnel infirmier auxiliaire autoris\u00e9;<\/li>\n<li>travailleurs param\u00e9dicaux et emplois connexes;<\/li>\n<li>technologues de laboratoire m\u00e9dical;<\/li>\n<li>techniciens de laboratoire m\u00e9dical et assistants en pathologie;<\/li>\n<li>adjoints administratifs m\u00e9dicaux;<\/li>\n<li>programmeurs et d\u00e9veloppeurs en m\u00e9dias interactifs;<\/li>\n<li>concepteurs et d\u00e9veloppeurs Web;<\/li>\n<li>techniciens de r\u00e9seau informatique;<\/li>\n<li>agents de soutien aux utilisateurs;<\/li>\n<li>techniciens en comptabilit\u00e9 et commis comptables;<\/li>\n<li>commis \u00e0 la paye;<\/li>\n<li>exp\u00e9diteurs et r\u00e9ceptionnaires;<\/li>\n<li>superviseurs de la cha\u00eene d\u2019approvisionnement et de la logistique; et<\/li>\n<li>coordonnateurs de la logistique de la production.<\/li>\n<\/ul>\n<p>Les exigences et les crit\u00e8res seront disponibles en ligne cet automne \u00e0 l\u2019adresse\u00a0<strong><a href=\"http:\/\/www.bienvenuenb.ca\/\" target=\"_blank\" rel=\"noopener\">www.bienvenuenb.ca<\/a><\/strong>.<\/p>\n<div class=\"sectiontitle\">\n<div class=\"normal\">\n<div class=\"leftcurve\">\n<h3 class=\"title\">Renseignements pour les m\u00e9dias :<\/h3>\n<\/div>\n<\/div>\n<\/div>\n<div class=\"box shaded padded\">\n<p>David Kelly, communications, Opportunit\u00e9s NB, 506-259-5214.<\/p>\n<\/div>\n<\/div>\n","protected":false},"excerpt":{"rendered":"<p>Le 18 ao\u00fbt 2021, FREDERICTON (GNB) \u2013 Opportunit\u00e9s NB met \u00e0 l\u2019essai un nouveau volet d\u2019immigration pour soutenir les besoins croissants de la province en main-d\u2019\u0153uvre, en collaboration avec Immigration, [&hellip;]<\/p>\n","protected":false},"author":6,"featured_media":0,"comment_status":"closed","ping_status":"open","sticky":false,"template":"","format":"standard","meta":{"_seopress_robots_primary_cat":"","_seopress_titles_title":"%%title%% %%page%%","_seopress_titles_desc":"","_seopress_robots_index":"","footnotes":""},"categories":[572],"tags":[],"sub-category":[],"class_list":["post-10523","post","type-post","status-publish","format-standard","hentry","category-communiques-de-presse"],"meta_box":{"company_name":"","custom_url":""},"_links":{"self":[{"href":"https:\/\/onbcanada.ca\/fr\/wp-json\/wp\/v2\/posts\/10523","targetHints":{"allow":["GET"]}}],"collection":[{"href":"https:\/\/onbcanada.ca\/fr\/wp-json\/wp\/v2\/posts"}],"about":[{"href":"https:\/\/onbcanada.ca\/fr\/wp-json\/wp\/v2\/types\/post"}],"author":[{"embeddable":true,"href":"https:\/\/onbcanada.ca\/fr\/wp-json\/wp\/v2\/users\/6"}],"replies":[{"embeddable":true,"href":"https:\/\/onbcanada.ca\/fr\/wp-json\/wp\/v2\/comments?post=10523"}],"version-history":[{"count":1,"href":"https:\/\/onbcanada.ca\/fr\/wp-json\/wp\/v2\/posts\/10523\/revisions"}],"predecessor-version":[{"id":10524,"href":"https:\/\/onbcanada.ca\/fr\/wp-json\/wp\/v2\/posts\/10523\/revisions\/10524"}],"wp:attachment":[{"href":"https:\/\/onbcanada.ca\/fr\/wp-json\/wp\/v2\/media?parent=10523"}],"wp:term":[{"taxonomy":"category","embeddable":true,"href":"https:\/\/onbcanada.ca\/fr\/wp-json\/wp\/v2\/categories?post=10523"},{"taxonomy":"post_tag","embeddable":true,"href":"https:\/\/onbcanada.ca\/fr\/wp-json\/wp\/v2\/tags?post=10523"},{"taxonomy":"sub-category","embeddable":true,"href":"https:\/\/onbcanada.ca\/fr\/wp-json\/wp\/v2\/sub-category?post=10523"}],"curies":[{"name":"wp","href":"https:\/\/api.w.org\/{rel}","templated":true}]}}