{"id":10567,"date":"2022-03-29T13:26:36","date_gmt":"2022-03-29T17:26:36","guid":{"rendered":"https:\/\/onbcanada.ca\/press_release\/nouveaux-centres-dexcellence-sante-entrepreneuriat\/"},"modified":"2025-01-23T12:26:02","modified_gmt":"2025-01-23T17:26:02","slug":"nouveaux-centres-dexcellence-sante-entrepreneuriat","status":"publish","type":"post","link":"https:\/\/onbcanada.ca\/fr\/nouveaux-centres-dexcellence-sante-entrepreneuriat\/","title":{"rendered":"De nouveaux centres d\u2019excellence offrent aux \u00e9l\u00e8ves de l\u2019exp\u00e9rience professionnelle en sant\u00e9 et en entrepreneuriat"},"content":{"rendered":"<p><span class=\"post_date\">Le 29 mars 2022, <\/span>FREDERICTON (GNB) \u2013 Le minist\u00e8re de l\u2019\u00c9ducation et du D\u00e9veloppement de la petite enfance lance deux nouveaux centres d\u2019excellence pour donner aux \u00e9l\u00e8ves la possibilit\u00e9 d\u2019\u00e9changer avec des experts et d\u2019acqu\u00e9rir une exp\u00e9rience professionnelle utile dans les domaines de l\u2019entrepreneuriat, des soins de sant\u00e9 et du travail social.<\/p>\n<div class=\"articleBody\">\n<p>\u00ab\u00a0Je suis fier que nous puissions continuer \u00e0 soutenir et \u00e0 \u00e9largir les possibilit\u00e9s d\u2019apprentissage exp\u00e9rientiel pour les \u00e9l\u00e8ves du Nouveau-Brunswick\u00a0\u00bb, a d\u00e9clar\u00e9 le ministre de l\u2019\u00c9ducation et du D\u00e9veloppement de la petite enfance, Dominic Cardy. \u00ab\u00a0Les centres d\u2019excellence donnent aux \u00e9l\u00e8ves un aper\u00e7u des industries cl\u00e9s. Les \u00e9l\u00e8ves ont donc l\u2019occasion d\u2019interagir avec des experts de diff\u00e9rents domaines et d\u2019apprendre de ces personnes, et ce, peu importe o\u00f9 ils se trouvent dans la province.\u00a0\u00bb<\/p>\n<p>Gr\u00e2ce aux centres d\u2019excellence en sant\u00e9 et en entrepreneuriat, les \u00e9l\u00e8ves anglophones de la province profiteront de discussions entre experts, de visites sur place, de webinaires, de s\u00e9ries de conf\u00e9rences, de mentorat, d\u2019accompagnement, de salons de l\u2019emploi, de formations industrielles et de stages coop. Les stages pourraient \u00eatre virtuels, mais ils pourraient se faire en personne si les circonstances le permettent.<\/p>\n<p>\u00ab\u00a0Notre province continue de faire face \u00e0 des d\u00e9fis en mati\u00e8re de main-d\u2019\u0153uvre, c\u2019est pourquoi ces centres d\u2019excellence sont essentiels pour pr\u00e9parer les \u00e9l\u00e8ves aux nombreuses possibilit\u00e9s qui s\u2019offrent \u00e0 eux\u00a0\u00bb, a affirm\u00e9 le ministre de l\u2019\u00c9ducation postsecondaire, de la Formation et du Travail, Trevor Holder. \u00ab\u00a0L\u2019apprentissage exp\u00e9rientiel gagne en importance, et ces centres jouent un r\u00f4le crucial dans le perfectionnement et l\u2019engagement de nos futurs travailleurs.\u00a0\u00bb<\/p>\n<p>Le centre d\u2019excellence en sant\u00e9 cherchera \u00e9galement \u00e0 am\u00e9liorer la sant\u00e9 mentale dans les \u00e9coles et \u00e0 offrir aux \u00e9l\u00e8ves un apprentissage pratique et interactif. En partenariat avec les districts scolaires, le centre proposera des activit\u00e9s en classe pour les \u00e9l\u00e8ves et des plans de cours pour le personnel enseignant sur des sujets comme les pratiques de pleine conscience, la r\u00e9gulation \u00e9motionnelle, l\u2019estime de soi, les relations saines et la gestion de l\u2019anxi\u00e9t\u00e9 et du stress.<\/p>\n<p>\u00ab\u00a0Le minist\u00e8re du D\u00e9veloppement social est heureux de participer \u00e0 cet important partenariat qui aidera les \u00e9l\u00e8ves \u00e0 explorer les nombreuses carri\u00e8res dans le secteur des soins\u00a0\u00bb, a dit le ministre du D\u00e9veloppement social, Bruce Fitch. \u00ab\u00a0L\u2019initiative mettra \u00e0 contribution les fournisseurs de services de soins de longue dur\u00e9e, les organismes de soutien \u00e0 domicile et les organismes communautaires et gouvernementaux pour encourager et stimuler l\u2019enseignement des soins de sant\u00e9 et des services sociaux dans le syst\u00e8me scolaire.\u00a0\u00bb<\/p>\n<p>Le centre d\u2019excellence en entrepreneuriat sera ax\u00e9 sur le renforcement de la sensibilisation et de la litt\u00e9ratie financi\u00e8re des \u00e9l\u00e8ves et sur leurs comp\u00e9tences en affaires. Par l\u2019interm\u00e9diaire du centre, les \u00e9l\u00e8ves pourraient b\u00e9n\u00e9ficier d\u2019un accompagnement direct pour leurs id\u00e9es entrepreneuriales.<\/p>\n<p>\u00ab\u00a0Qu\u2019il s\u2019agisse de la r\u00e9solution de probl\u00e8mes, du leadership ou de la litt\u00e9ratie financi\u00e8re, les participants feront l\u2019acquisition \u2013 gr\u00e2ce \u00e0 ce centre \u2013 de comp\u00e9tences qu\u2019ils utiliseront sans doute pour le reste de leur vie\u00a0\u00bb, a d\u00e9clar\u00e9 la ministre responsable d\u2019Opportunit\u00e9s Nouveau-Brunswick, Arlene Dunn.<\/p>\n<p>Le mod\u00e8le de centres d\u2019excellence s\u2019inscrit dans le cadre de l\u2019initiative Avenir NB, qui vise \u00e0 permettre \u00e0 tous les \u00e9l\u00e8ves de participer \u00e0 des activit\u00e9s d\u2019apprentissage exp\u00e9rientiel avant l\u2019obtention de leur dipl\u00f4me, afin de leur permettre de mieux conna\u00eetre les parcours de carri\u00e8re actuels et futurs dans la province.<\/p>\n<p>Le premier centre d\u2019excellence, pour le secteur de l\u2019\u00e9nergie, a \u00e9t\u00e9 lanc\u00e9 en avril 2021. De plus amples renseignements\u00a0<strong><a href=\"http:\/\/www.centresofexcellencenb.ca\/\" target=\"_blank\" rel=\"noopener\">sont disponibles en ligne<\/a><\/strong>\u00a0(site en anglais seulement).<\/p>\n<div class=\"sectiontitle\">\n<div class=\"normal\">\n<div class=\"leftcurve\">\n<h4 class=\"title\">Renseignements pour les m\u00e9dias :<\/h4>\n<\/div>\n<\/div>\n<\/div>\n<div class=\"box shaded padded\">\n<p>Flavio Nienow, communications, minist\u00e8re de l\u2019\u00c9ducation et du D\u00e9veloppement de la petite enfance,\u00a0<strong><a href=\"mailto:flavio.nienow@gnb.ca\" target=\"_blank\" rel=\"noopener\">flavio.nienow@gnb.ca<\/a><\/strong>.<\/p>\n<\/div>\n<\/div>\n","protected":false},"excerpt":{"rendered":"<p>Le 29 mars 2022, FREDERICTON (GNB) \u2013 Le minist\u00e8re de l\u2019\u00c9ducation et du D\u00e9veloppement de la petite enfance lance deux nouveaux centres d\u2019excellence pour donner aux \u00e9l\u00e8ves la possibilit\u00e9 d\u2019\u00e9changer [&hellip;]<\/p>\n","protected":false},"author":6,"featured_media":0,"comment_status":"closed","ping_status":"open","sticky":false,"template":"","format":"standard","meta":{"_seopress_robots_primary_cat":"","_seopress_titles_title":"%%title%% %%page%%","_seopress_titles_desc":"The Department of Education and Early Childhood Development is launching two new centres of excellence to give students the opportunity to...","_seopress_robots_index":"","footnotes":""},"categories":[572],"tags":[],"sub-category":[],"class_list":["post-10567","post","type-post","status-publish","format-standard","hentry","category-communiques-de-presse"],"meta_box":{"company_name":"","custom_url":""},"_links":{"self":[{"href":"https:\/\/onbcanada.ca\/fr\/wp-json\/wp\/v2\/posts\/10567","targetHints":{"allow":["GET"]}}],"collection":[{"href":"https:\/\/onbcanada.ca\/fr\/wp-json\/wp\/v2\/posts"}],"about":[{"href":"https:\/\/onbcanada.ca\/fr\/wp-json\/wp\/v2\/types\/post"}],"author":[{"embeddable":true,"href":"https:\/\/onbcanada.ca\/fr\/wp-json\/wp\/v2\/users\/6"}],"replies":[{"embeddable":true,"href":"https:\/\/onbcanada.ca\/fr\/wp-json\/wp\/v2\/comments?post=10567"}],"version-history":[{"count":1,"href":"https:\/\/onbcanada.ca\/fr\/wp-json\/wp\/v2\/posts\/10567\/revisions"}],"predecessor-version":[{"id":10568,"href":"https:\/\/onbcanada.ca\/fr\/wp-json\/wp\/v2\/posts\/10567\/revisions\/10568"}],"wp:attachment":[{"href":"https:\/\/onbcanada.ca\/fr\/wp-json\/wp\/v2\/media?parent=10567"}],"wp:term":[{"taxonomy":"category","embeddable":true,"href":"https:\/\/onbcanada.ca\/fr\/wp-json\/wp\/v2\/categories?post=10567"},{"taxonomy":"post_tag","embeddable":true,"href":"https:\/\/onbcanada.ca\/fr\/wp-json\/wp\/v2\/tags?post=10567"},{"taxonomy":"sub-category","embeddable":true,"href":"https:\/\/onbcanada.ca\/fr\/wp-json\/wp\/v2\/sub-category?post=10567"}],"curies":[{"name":"wp","href":"https:\/\/api.w.org\/{rel}","templated":true}]}}