{"id":10704,"date":"2023-06-02T13:00:39","date_gmt":"2023-06-02T17:00:39","guid":{"rendered":"https:\/\/onbcanada.ca\/press_release\/prix-exportation-2023-laureats\/"},"modified":"2025-01-29T13:10:50","modified_gmt":"2025-01-29T18:10:50","slug":"prix-exportation-2023-laureats","status":"publish","type":"post","link":"https:\/\/onbcanada.ca\/fr\/prix-exportation-2023-laureats\/","title":{"rendered":"Les Prix de l\u2019exportation 2023 d\u00e9cern\u00e9s \u00e0 sept laur\u00e9ats"},"content":{"rendered":"<p>Le 2 juin 2023,\u00a0FREDERICTON (GNB) \u2013Opportunit\u00e9s NB a c\u00e9l\u00e9br\u00e9 les exportateurs les plus performants de la province lors de la 55<sup>e<\/sup> c\u00e9r\u00e9monie annuelle des Prix de l\u2019exportation, qui s\u2019est d\u00e9roul\u00e9e \u00e0 Fredericton jeudi.<\/p>\n<p>\u00ab\u00a0L\u2019expansion des exportations stimule la cr\u00e9ation de nouvelles possibilit\u00e9s au Nouveau-Brunswick\u00a0\u00bb, a d\u00e9clar\u00e9 la ministre responsable d\u2019Opportunit\u00e9s NB, Arlene Dunn. \u00ab\u00a0Les Prix de l\u2019exportation nous donnent l\u2019occasion de c\u00e9l\u00e9brer les principaux exportateurs de notre province et de pr\u00e9senter au monde entier ces entreprises et les innovations qu\u2019elles mises au point ici, chez nous.\u00a0\u00bb<\/p>\n<p>Les laur\u00e9ats ont \u00e9t\u00e9 choisis par un jury b\u00e9n\u00e9vole compos\u00e9 de sp\u00e9cialistes des affaires issus du milieu universitaire et du secteur priv\u00e9 \u00e0 l\u2019aide d\u2019un syst\u00e8me de notation. Cette ann\u00e9e, le Prix de l\u2019exportateur durable a \u00e9t\u00e9 cr\u00e9\u00e9 pour reconna\u00eetre une entreprise qui choisit des pratiques durables pour favoriser la croissance de ses exportations.<\/p>\n<p>\u00ab\u00a0Nous avons beaucoup de belles r\u00e9ussites parmi nos exportateurs au Nouveau-Brunswick\u00a0\u00bb, a affirm\u00e9 la pr\u00e9sidente-directrice g\u00e9n\u00e9rale par int\u00e9rim d\u2019Opportunit\u00e9s NB, Traci Simmons. \u00ab\u00a0Des entreprises des quatre coins de la province percent de nouveaux march\u00e9s et rencontrent un succ\u00e8s international. Notre gala annuel de remise de prix met en lumi\u00e8re ces succ\u00e8s, tout en reconnaissant l\u2019importante contribution \u00e9conomique de nos industries exportatrices.\u00a0\u00bb<\/p>\n<p>Les laur\u00e9ats des Prix de l\u2019exportation 2023 sont\u00a0:<\/p>\n<ul>\n<li>Exportateur de l\u2019ann\u00e9e (ventes \u00e0 l\u2019exportation de plus de 5 millions $)\u00a0: <strong>Corey Nutrition Company Inc.<\/strong>;<\/li>\n<li>Exportateur de l\u2019ann\u00e9e (ventes \u00e0 l\u2019exportation de moins de 5 millions $)\u00a0: <strong>NorthTaste Flavourings Ltd.<\/strong>;<\/li>\n<li>Prix de la diversification mondiale\u00a0: <strong>Bulletproof<\/strong>;<\/li>\n<li>Exportateur innovateur de l\u2019ann\u00e9e\u00a0: <strong>Chinova Bioworks<\/strong>;<\/li>\n<li>Exportateur \u00e9mergent de l\u2019ann\u00e9e Yves-Maillet\u00a0: <strong>Passiv Inc.<\/strong>;<\/li>\n<li>Prix d\u2019Opportunit\u00e9s NB soulignant l\u2019incidence\u00a0: <strong>Marshall Canada<\/strong>; et<\/li>\n<li>Exportateur durable de l\u2019ann\u00e9e\u00a0: <strong>SHIFT Energy Inc.<\/strong><\/li>\n<\/ul>\n<p>Mme Dunn a indiqu\u00e9 que ces entreprises contribuent grandement \u00e0 l\u2019\u00e9conomie provinciale, avec des ventes \u00e0 l\u2019exportation de pr\u00e8s de 1 milliard $.<\/p>\n<p>\u00ab\u00a0L\u2019APECA est fi\u00e8re d\u2019appuyer des initiatives comme les Prix de l\u2019exportation qui c\u00e9l\u00e8brent et renouvellent l\u2019esprit d\u2019entreprise dans notre r\u00e9gion\u00a0\u00bb, a dit la ministre f\u00e9d\u00e9rale des Langues officielles, Ginette Petitpas Taylor, qui est \u00e9galement ministre responsable de l\u2019Agence de promotion \u00e9conomique du Canada atlantique. \u00ab\u00a0F\u00e9licitations \u00e0 toutes les entreprises en nomination et \u00e0 celles qui ont remport\u00e9 un prix. Merci de d\u00e9passer nos fronti\u00e8res afin de faire cro\u00eetre votre entreprise et cr\u00e9er de nouvelles possibilit\u00e9s pour le Canada atlantique sur le march\u00e9 mondial.\u00a0\u00bb<\/p>\n<p>Opportunit\u00e9s NB est une soci\u00e9t\u00e9 de la Couronne et le principal organisme de d\u00e9veloppement \u00e9conomique de la province. Son objectif est d\u2019attirer et d\u2019appuyer les possibilit\u00e9s visant \u00e0 stimuler la croissance \u00e9conomique et \u00e0 cr\u00e9er des emplois en offrant des services de soutien aux entreprises.<\/p>\n<h4><strong>RENSEIGNEMENTS POUR LES M\u00c9DIAS\u00a0:<\/strong><\/h4>\n<p>Michel LeBlanc, communications, Opportunit\u00e9s NB, <strong><a href=\"mailto:michel.leblanc@onbcanada.ca\" target=\"_blank\" rel=\"noopener\">michel.leblanc@onbcanada.ca<\/a><\/strong>.<\/p>\n<p>Samantha Michaud, communications, Agence de promotion \u00e9conomique du Canada atlantique, <strong><a href=\"mailto:samantha.michaud@acoa-apeca.gc.ca\" target=\"_blank\" rel=\"noopener\">samantha.michaud@acoa-apeca.gc.ca<\/a><\/strong>.<\/p>\n<p><strong>Dans l\u2019ordre habituel :<\/strong> le premier ministre, Blaine Higgs; le directeur g\u00e9n\u00e9ral de Marshall Land Systems (Marshall Canada), Gary Moynehan; le directeur du financement de Bulletproof, Derek Davis; le pr\u00e9sident-directeur g\u00e9n\u00e9ral de Mariner (SHIFT Energy Inc.), Curtis Howe; le chimiste de recherche de Chinova Bioworks, Matt Stocek; le chef de la direction de Passiv Inc., Brendant Wood; le pr\u00e9sident-directeur g\u00e9n\u00e9ral de Corey Nutrition Company Inc., Lee Corey; et le vice-pr\u00e9sident au d\u00e9veloppement des affaires d\u2019Opportunit\u00e9s NB, Steve Milbury.<\/p>\n","protected":false},"excerpt":{"rendered":"<p>Le 2 juin 2023,\u00a0FREDERICTON (GNB) \u2013Opportunit\u00e9s NB a c\u00e9l\u00e9br\u00e9 les exportateurs les plus performants de la province lors de la 55e c\u00e9r\u00e9monie annuelle des Prix de l\u2019exportation, qui s\u2019est d\u00e9roul\u00e9e [&hellip;]<\/p>\n","protected":false},"author":6,"featured_media":8125,"comment_status":"closed","ping_status":"open","sticky":false,"template":"","format":"standard","meta":{"_seopress_robots_primary_cat":"","_seopress_titles_title":"%%title%% %%page%%","_seopress_titles_desc":"","_seopress_robots_index":"","footnotes":""},"categories":[572],"tags":[],"sub-category":[],"class_list":["post-10704","post","type-post","status-publish","format-standard","has-post-thumbnail","hentry","category-communiques-de-presse"],"meta_box":{"company_name":"","custom_url":""},"_links":{"self":[{"href":"https:\/\/onbcanada.ca\/fr\/wp-json\/wp\/v2\/posts\/10704","targetHints":{"allow":["GET"]}}],"collection":[{"href":"https:\/\/onbcanada.ca\/fr\/wp-json\/wp\/v2\/posts"}],"about":[{"href":"https:\/\/onbcanada.ca\/fr\/wp-json\/wp\/v2\/types\/post"}],"author":[{"embeddable":true,"href":"https:\/\/onbcanada.ca\/fr\/wp-json\/wp\/v2\/users\/6"}],"replies":[{"embeddable":true,"href":"https:\/\/onbcanada.ca\/fr\/wp-json\/wp\/v2\/comments?post=10704"}],"version-history":[{"count":1,"href":"https:\/\/onbcanada.ca\/fr\/wp-json\/wp\/v2\/posts\/10704\/revisions"}],"predecessor-version":[{"id":10705,"href":"https:\/\/onbcanada.ca\/fr\/wp-json\/wp\/v2\/posts\/10704\/revisions\/10705"}],"wp:featuredmedia":[{"embeddable":true,"href":"https:\/\/onbcanada.ca\/fr\/wp-json\/wp\/v2\/media\/8125"}],"wp:attachment":[{"href":"https:\/\/onbcanada.ca\/fr\/wp-json\/wp\/v2\/media?parent=10704"}],"wp:term":[{"taxonomy":"category","embeddable":true,"href":"https:\/\/onbcanada.ca\/fr\/wp-json\/wp\/v2\/categories?post=10704"},{"taxonomy":"post_tag","embeddable":true,"href":"https:\/\/onbcanada.ca\/fr\/wp-json\/wp\/v2\/tags?post=10704"},{"taxonomy":"sub-category","embeddable":true,"href":"https:\/\/onbcanada.ca\/fr\/wp-json\/wp\/v2\/sub-category?post=10704"}],"curies":[{"name":"wp","href":"https:\/\/api.w.org\/{rel}","templated":true}]}}