{"id":199652,"date":"2025-11-18T10:54:12","date_gmt":"2025-11-18T15:54:12","guid":{"rendered":"https:\/\/onbcanada.ca\/?p=199652"},"modified":"2025-11-27T08:38:38","modified_gmt":"2025-11-27T13:38:38","slug":"invitation-a-la-journee-porte-ouvertes-du-temps-des-fetes-de-la-premiere-ministre","status":"publish","type":"post","link":"https:\/\/onbcanada.ca\/fr\/invitation-a-la-journee-porte-ouvertes-du-temps-des-fetes-de-la-premiere-ministre\/","title":{"rendered":"Invitation \u00e0 la Journ\u00e9e portes ouvertes du temps des F\u00eates de la premi\u00e8re ministre"},"content":{"rendered":"\n<p><em><mark style=\"background-color:rgba(0, 0, 0, 0)\" class=\"has-inline-color has-brand-2-color\">Temps de lecture : 3 minutes<\/mark><\/em><\/p>\n\n\n\n<p>Soyez des n\u00f4tres lors de la Journ\u00e9e portes ouvertes du temps des F\u00eates de la premi\u00e8re ministre, le mercredi&nbsp;10&nbsp;d\u00e9cembre \u00e0 Fredericton. Cet \u00e9v\u00e9nement r\u00e9unit le public, la premi\u00e8re ministre, les repr\u00e9sentants et le personnel du gouvernement du Nouveau-Brunswick (GNB), ainsi que les entreprises du Nouveau-Brunswick pour c\u00e9l\u00e9brer le temps des F\u00eates dans un cadre professionnel et festif.<\/p>\n\n\n\n<p><strong>O\u00f9 et quand?<\/strong><strong><\/strong><\/p>\n\n\n\n<ul class=\"wp-block-list\">\n<li>Le mercredi 10&nbsp;d\u00e9cembre&nbsp;2025<\/li>\n\n\n\n<li>de 11&nbsp;h&nbsp;30 \u00e0 13&nbsp;h&nbsp;30<\/li>\n\n\n\n<li>Place-Chancery (y compris le hall d\u2019entr\u00e9e et le 6<sup>e&nbsp;<\/sup>\u00e9tage) et le 1<sup>er&nbsp;<\/sup>\u00e9tage du Palais des congr\u00e8s de Fredericton<\/li>\n\n\n\n<li>675, rue King, Fredericton&nbsp;<\/li>\n<\/ul>\n\n\n\n<p>Les convives pourront d\u00e9couvrir, go\u00fbter ou acheter une vari\u00e9t\u00e9 d\u2019aliments, de boissons et de biens de consommation produits localement dans la province et pr\u00e9sent\u00e9s par plusieurs d\u2019exposants.<\/p>\n\n\n\n<p>La premi\u00e8re ministre&nbsp;Holt accueillera les invit\u00e9s dans son bureau au 6<sup>e<\/sup>&nbsp;\u00e9tage de la Place-Chancery. Un contr\u00f4le de s\u00e9curit\u00e9 sera n\u00e9cessaire pour cette partie de l\u2019\u00e9v\u00e9nement.<\/p>\n\n\n\n<p>L\u2019\u00e9v\u00e9nement est ouvert au public. Aucune inscription n\u2019est requise.<\/p>\n\n\n\n<p><strong>Qui?<\/strong><\/p>\n\n\n\n<p>Les exposants pr\u00e9sents \u00e0 cette Journ\u00e9e portes ouvertes sont de petites entreprises locales d\u2019un peu partout dans la province. Ces entreprises sont impatientes d\u2019entrer en contact avec des clients potentiels, de rencontrer des partenaires du secteur public et, surtout, de pr\u00e9senter leurs produits fabriqu\u00e9s au Nouveau-Brunswick.<\/p>\n\n\n\n<p>ONB a invit\u00e9 plus de 8&nbsp;exposants diff\u00e9rents \u00e0 cet \u00e9v\u00e9nement, et nous sommes impatients que vous les rencontriez ou les retrouviez!<\/p>\n\n\n\n<p>Parmi les exposants de cette ann\u00e9e&nbsp;:<\/p>\n\n\n\n<ul class=\"wp-block-list\">\n<li><a href=\"https:\/\/can01.safelinks.protection.outlook.com\/?url=https%3A%2F%2Fwww.bubblesandbalms.ca%2F&amp;data=05%7C02%7CLauren.Manning%40onbcanada.ca%7Cd6fb7285b70749e4c53808de2608a868%7Ce08b7eefb5014a679ed007e38bfccee7%7C1%7C0%7C638990015776509972%7CUnknown%7CTWFpbGZsb3d8eyJFbXB0eU1hcGkiOnRydWUsIlYiOiIwLjAuMDAwMCIsIlAiOiJXaW4zMiIsIkFOIjoiTWFpbCIsIldUIjoyfQ%3D%3D%7C0%7C%7C%7C&amp;sdata=%2FF2iD313RUZOVJSeTkPstVWdAfqEv%2BO5SILG3EZCfhM%3D&amp;reserved=0\" target=\"_blank\" rel=\"noreferrer noopener\"><strong>Bubbles &amp; Balms<\/strong><\/a><\/li>\n\n\n\n<li><a href=\"https:\/\/can01.safelinks.protection.outlook.com\/?url=https%3A%2F%2Fwww.facebook.com%2FSweetieBees1%2F&amp;data=05%7C02%7CChloe.Saulnier%40onbcanada.ca%7C423d155380374ca5d4cc08de2db6c1ca%7Ce08b7eefb5014a679ed007e38bfccee7%7C1%7C0%7C638998460114707450%7CUnknown%7CTWFpbGZsb3d8eyJFbXB0eU1hcGkiOnRydWUsIlYiOiIwLjAuMDAwMCIsIlAiOiJXaW4zMiIsIkFOIjoiTWFpbCIsIldUIjoyfQ%3D%3D%7C0%7C%7C%7C&amp;sdata=JKppF9CLgGhB5PgFNgUUMtPRm%2Bis60i4ETe8oz1cZ3w%3D&amp;reserved=0\"><strong>Sweetie Bees<\/strong><\/a><\/li>\n\n\n\n<li><a href=\"https:\/\/can01.safelinks.protection.outlook.com\/?url=https%3A%2F%2Flarouere-chocolat.com%2F&amp;data=05%7C02%7CLauren.Manning%40onbcanada.ca%7Cd6fb7285b70749e4c53808de2608a868%7Ce08b7eefb5014a679ed007e38bfccee7%7C1%7C0%7C638990015784965732%7CUnknown%7CTWFpbGZsb3d8eyJFbXB0eU1hcGkiOnRydWUsIlYiOiIwLjAuMDAwMCIsIlAiOiJXaW4zMiIsIkFOIjoiTWFpbCIsIldUIjoyfQ%3D%3D%7C0%7C%7C%7C&amp;sdata=wvHbifJS360fXcXH4XYcwHS1CR7wIKTpqLBMg18CWaA%3D&amp;reserved=0\" target=\"_blank\" rel=\"noreferrer noopener\"><strong>LaRou\u00e8re fabrique de chocolat<\/strong><\/a><\/li>\n\n\n\n<li><a href=\"https:\/\/can01.safelinks.protection.outlook.com\/?url=https%3A%2F%2Folovetunisia.com%2Ffr&amp;data=05%7C02%7CLauren.Manning%40onbcanada.ca%7Cd6fb7285b70749e4c53808de2608a868%7Ce08b7eefb5014a679ed007e38bfccee7%7C1%7C0%7C638990015784986962%7CUnknown%7CTWFpbGZsb3d8eyJFbXB0eU1hcGkiOnRydWUsIlYiOiIwLjAuMDAwMCIsIlAiOiJXaW4zMiIsIkFOIjoiTWFpbCIsIldUIjoyfQ%3D%3D%7C0%7C%7C%7C&amp;sdata=zTUBB8b%2FzyCu8OtcIXkG5wEh5yGOYMzgsjQQzOiogBI%3D&amp;reserved=0\" target=\"_blank\" rel=\"noreferrer noopener\"><strong>OLOVE Tunisia<\/strong><\/a><\/li>\n\n\n\n<li><a href=\"https:\/\/can01.safelinks.protection.outlook.com\/?url=https%3A%2F%2Fwww.saltwindscoffee.com%2F%3Fsrsltid%3DAfmBOoqd_CJhWjAYun3-tR6T3mDL0t3lrqsKez9MQxJuR8iNzSGiP_un&amp;data=05%7C02%7CLauren.Manning%40onbcanada.ca%7Cd6fb7285b70749e4c53808de2608a868%7Ce08b7eefb5014a679ed007e38bfccee7%7C1%7C0%7C638990015785007882%7CUnknown%7CTWFpbGZsb3d8eyJFbXB0eU1hcGkiOnRydWUsIlYiOiIwLjAuMDAwMCIsIlAiOiJXaW4zMiIsIkFOIjoiTWFpbCIsIldUIjoyfQ%3D%3D%7C0%7C%7C%7C&amp;sdata=AhTeegqVZEhGMWiUr%2BhuyWzkB62eRC5T5mkYbbvfvNg%3D&amp;reserved=0\" target=\"_blank\" rel=\"noreferrer noopener\"><strong>Saltwinds Coffee Company<\/strong><\/a><\/li>\n\n\n\n<li><a href=\"https:\/\/can01.safelinks.protection.outlook.com\/?url=https%3A%2F%2Fwww.instagram.com%2Fdearlyyours_ja%3Figsh%3DMTF3cjlnOW1iamVpMg%3D%3D&amp;data=05%7C02%7CLauren.Manning%40onbcanada.ca%7Cd6fb7285b70749e4c53808de2608a868%7Ce08b7eefb5014a679ed007e38bfccee7%7C1%7C0%7C638990015785030219%7CUnknown%7CTWFpbGZsb3d8eyJFbXB0eU1hcGkiOnRydWUsIlYiOiIwLjAuMDAwMCIsIlAiOiJXaW4zMiIsIkFOIjoiTWFpbCIsIldUIjoyfQ%3D%3D%7C0%7C%7C%7C&amp;sdata=lThZTS1wPY%2Ffxmmm2aVlELwcG2aC96lLjIkrpdFXI90%3D&amp;reserved=0\"><strong>Dearly Yours<\/strong><\/a><strong> <\/strong><\/li>\n\n\n\n<li><a href=\"https:\/\/can01.safelinks.protection.outlook.com\/?url=https%3A%2F%2Fupfrontcosmetics.ca%2F&amp;data=05%7C02%7CLauren.Manning%40onbcanada.ca%7Cd6fb7285b70749e4c53808de2608a868%7Ce08b7eefb5014a679ed007e38bfccee7%7C1%7C0%7C638990015785052674%7CUnknown%7CTWFpbGZsb3d8eyJFbXB0eU1hcGkiOnRydWUsIlYiOiIwLjAuMDAwMCIsIlAiOiJXaW4zMiIsIkFOIjoiTWFpbCIsIldUIjoyfQ%3D%3D%7C0%7C%7C%7C&amp;sdata=udGykSzNvS1zlB%2FNngbfhxsh8DSM%2FrI%2FkU9oM81zmHo%3D&amp;reserved=0\"><strong>Upfront Cosmetics<\/strong><\/a><\/li>\n\n\n\n<li><a href=\"https:\/\/can01.safelinks.protection.outlook.com\/?url=https%3A%2F%2Fwww.wabanakimaple.com%2F&amp;data=05%7C02%7CLauren.Manning%40onbcanada.ca%7Cd6fb7285b70749e4c53808de2608a868%7Ce08b7eefb5014a679ed007e38bfccee7%7C1%7C0%7C638990015785077758%7CUnknown%7CTWFpbGZsb3d8eyJFbXB0eU1hcGkiOnRydWUsIlYiOiIwLjAuMDAwMCIsIlAiOiJXaW4zMiIsIkFOIjoiTWFpbCIsIldUIjoyfQ%3D%3D%7C0%7C%7C%7C&amp;sdata=0FIhs0GrLI8kYEIFZApAXa6mYHJk0ww3BHDQZWqpPaQ%3D&amp;reserved=0\"><strong>Wabanaki Maple<\/strong><\/a><\/li>\n\n\n\n<li><a href=\"https:\/\/can01.safelinks.protection.outlook.com\/?url=https%3A%2F%2Fwabanakiwater.com%2F&amp;data=05%7C02%7CLauren.Manning%40onbcanada.ca%7Cd6fb7285b70749e4c53808de2608a868%7Ce08b7eefb5014a679ed007e38bfccee7%7C1%7C0%7C638990015785106538%7CUnknown%7CTWFpbGZsb3d8eyJFbXB0eU1hcGkiOnRydWUsIlYiOiIwLjAuMDAwMCIsIlAiOiJXaW4zMiIsIkFOIjoiTWFpbCIsIldUIjoyfQ%3D%3D%7C0%7C%7C%7C&amp;sdata=7hMIsZO0%2FJQw8kM%2BEGBoiPXUJREUKh5xIj0yCk5OEO0%3D&amp;reserved=0\" target=\"_blank\" rel=\"noreferrer noopener\"><strong>Wabanaki Roots Natural Products<\/strong><\/a><\/li>\n<\/ul>\n\n\n\n<p>Cet \u00e9v\u00e9nement se d\u00e9clinera sur le th\u00e8me du temps des F\u00eates.<\/p>\n\n\n\n<ul class=\"wp-block-list\">\n<li>Une table d\u2019aliments locaux exceptionnelle dress\u00e9e par chef Rick pour le plaisir des invit\u00e9s, sous la direction de nos partenaires du minist\u00e8re de l\u2019Agriculture, de l\u2019Aquaculture et des P\u00eaches<\/li>\n\n\n\n<li>La chorale Elm City Echoes Ladies et ses chants de No\u00ebl<\/li>\n\n\n\n<li>G\u00e2teries locales pour les F\u00eates&nbsp;: du cidre, des biscuits et des sucres d\u2019orge locaux<\/li>\n\n\n\n<li>Un photomaton sur le th\u00e8me du temps des F\u00eates<\/li>\n\n\n\n<li>Une table o\u00f9 vous pourrez \u00e9crire un message personnalis\u00e9 \u00e0 la premi\u00e8re ministre Holt<\/li>\n<\/ul>\n\n\n\n<p><strong>Pourquoi?<\/strong><\/p>\n\n\n\n<p>Avec plus de 26&nbsp;000&nbsp;petites entreprises au Nouveau-Brunswick employant pr\u00e8s de 225&nbsp;000&nbsp;personnes, ONB reconna\u00eet le r\u00f4le essentiel de ces entrepreneurs dans l\u2019\u00e9conomie de la province. La Journ\u00e9e portes ouvertes du temps des F\u00eates de la premi\u00e8re ministre offre aux exposants du Nouveau-Brunswick une plateforme pour pr\u00e9senter et vendre leurs produits, promouvoir l\u2019activit\u00e9 \u00e9conomique locale et renforcer les liens entre le public et le monde des affaires. Nous sommes fiers de participer \u00e0 la promotion des produits exceptionnels fabriqu\u00e9s au Nouveau-Brunswick et d\u2019encourager l\u2019achat de produits locaux quand c\u2019est possible.<\/p>\n\n\n\n<p>Venez c\u00e9l\u00e9brer l\u2019arriv\u00e9e du temps des F\u00eates en pr\u00e9sence d\u2019entreprises locales et d\u2019autres personnes en qu\u00eate de cadeaux locaux pour les F\u00eates lors de la Journ\u00e9e portes ouvertes du temps des F\u00eates de la premi\u00e8re ministre, le 10&nbsp;d\u00e9cembre!<\/p>\n\n\n\n<p><\/p>\n","protected":false},"excerpt":{"rendered":"<p>Temps de lecture : 3 minutes Soyez des n\u00f4tres lors de la Journ\u00e9e portes ouvertes du temps des F\u00eates de la premi\u00e8re ministre, le mercredi&nbsp;10&nbsp;d\u00e9cembre \u00e0 Fredericton. Cet \u00e9v\u00e9nement r\u00e9unit [&hellip;]<\/p>\n","protected":false},"author":19,"featured_media":199671,"comment_status":"closed","ping_status":"closed","sticky":false,"template":"","format":"standard","meta":{"_seopress_robots_primary_cat":"none","_seopress_titles_title":"Invitation \u00e0 la Journ\u00e9e portes ouvertes du temps des F\u00eates de la premi\u00e8re ministre","_seopress_titles_desc":"Soyez des n\u00f4tres lors de la Journ\u00e9e portes ouvertes du temps des F\u00eates de la premi\u00e8re ministre, le mercredi 10 d\u00e9cembre \u00e0 Fredericton.","_seopress_robots_index":"","footnotes":""},"categories":[283],"tags":[],"sub-category":[],"class_list":["post-199652","post","type-post","status-publish","format-standard","has-post-thumbnail","hentry","category-nouvelles-donb"],"meta_box":{"company_name":"","custom_url":""},"_links":{"self":[{"href":"https:\/\/onbcanada.ca\/fr\/wp-json\/wp\/v2\/posts\/199652","targetHints":{"allow":["GET"]}}],"collection":[{"href":"https:\/\/onbcanada.ca\/fr\/wp-json\/wp\/v2\/posts"}],"about":[{"href":"https:\/\/onbcanada.ca\/fr\/wp-json\/wp\/v2\/types\/post"}],"author":[{"embeddable":true,"href":"https:\/\/onbcanada.ca\/fr\/wp-json\/wp\/v2\/users\/19"}],"replies":[{"embeddable":true,"href":"https:\/\/onbcanada.ca\/fr\/wp-json\/wp\/v2\/comments?post=199652"}],"version-history":[{"count":5,"href":"https:\/\/onbcanada.ca\/fr\/wp-json\/wp\/v2\/posts\/199652\/revisions"}],"predecessor-version":[{"id":203584,"href":"https:\/\/onbcanada.ca\/fr\/wp-json\/wp\/v2\/posts\/199652\/revisions\/203584"}],"wp:featuredmedia":[{"embeddable":true,"href":"https:\/\/onbcanada.ca\/fr\/wp-json\/wp\/v2\/media\/199671"}],"wp:attachment":[{"href":"https:\/\/onbcanada.ca\/fr\/wp-json\/wp\/v2\/media?parent=199652"}],"wp:term":[{"taxonomy":"category","embeddable":true,"href":"https:\/\/onbcanada.ca\/fr\/wp-json\/wp\/v2\/categories?post=199652"},{"taxonomy":"post_tag","embeddable":true,"href":"https:\/\/onbcanada.ca\/fr\/wp-json\/wp\/v2\/tags?post=199652"},{"taxonomy":"sub-category","embeddable":true,"href":"https:\/\/onbcanada.ca\/fr\/wp-json\/wp\/v2\/sub-category?post=199652"}],"curies":[{"name":"wp","href":"https:\/\/api.w.org\/{rel}","templated":true}]}}