{"id":6986,"date":"2020-07-30T10:00:02","date_gmt":"2020-07-30T14:00:02","guid":{"rendered":"https:\/\/onbcanada.ca\/algonquin-nouvelle-normalite\/"},"modified":"2025-01-29T11:52:47","modified_gmt":"2025-01-29T16:52:47","slug":"algonquin-nouvelle-normalite","status":"publish","type":"post","link":"https:\/\/onbcanada.ca\/fr\/algonquin-nouvelle-normalite\/","title":{"rendered":"Naviguer dans la nouvelle normalit\u00e9 : Centre de vill\u00e9giature Algonquin"},"content":{"rendered":"<p><strong><a href=\"https:\/\/www.algonquinresort.com\/\" target=\"_blank\" rel=\"noopener noreferrer\">Le Centre de vill\u00e9giature Algonquin<\/a><\/strong> \u00e0 Saint Andrews est, depuis sa construction en 1889, une destination embl\u00e9matique du Nouveau-Brunswick. L\u2019\u00e9difice le plus c\u00e9l\u00e8bre et le plus photographi\u00e9 de la ville a accueilli de nombreux h\u00f4tes d\u2019importance, dont des membres de la famille royale britannique, les pr\u00e9sidents des \u00c9tats-Unis Franklin\u00a0D.\u00a0Roosevelt et Lyndon\u00a0B.\u00a0Johnson, ainsi que Sir\u00a0John\u00a0A.\u00a0Macdonald et la plupart des premiers ministres canadiens qui ont suivi.<\/p>\n<p>\u00ab\u2009L\u2019Algonquin occupe une place tellement importante dans l\u2019histoire de l\u2019h\u00f4tellerie canadienne, c\u2019est le plus ancien centre de vill\u00e9giature de son genre \u00e0 l\u2019est des Rocheuses, explique Matthew Mackenzie, directeur g\u00e9n\u00e9ral. Chaque N\u00e9o-Brunswickoise et N\u00e9o-Brunswickois devrait \u00eatre fier de son incroyable h\u00e9ritage. Nous sommes chanceux d\u2019avoir une si belle propri\u00e9t\u00e9 phare ici, \u00e0 Saint Andrews; c\u2019est quelque chose que nous ne devrions pas tenir pour acquis.\u2009\u00bb<\/p>\n<p>Malgr\u00e9 les r\u00e9percussions ind\u00e9niables de la <strong><a href=\"https:\/\/wordpress-403092-4927216.cloudwaysapps.com\/fr\/covid-19\/\" target=\"_blank\" rel=\"noopener noreferrer\">COVID-19<\/a><\/strong> sur le secteur de l\u2019h\u00f4tellerie du pays, Matthew\u00a0Mackenzie affirme que l\u2019Algonquin a r\u00e9ussi \u00e0 rouvrir ses portes parce qu\u2019il a toujours d\u00fb s\u2019adapter pendant les mois d\u2019\u00e9t\u00e9 \u00ab\u2009Lorsque l\u2019ann\u00e9e est bonne, nous devons quand m\u00eame g\u00e9rer une variation saisonni\u00e8re tr\u00e8s intense pour ajuster habilement notre \u00e9tablissement et ses services afin de faire face \u00e0 l\u2019afflux estival. Les besoins de nos h\u00f4tes sont \u00e9videmment diff\u00e9rents cette ann\u00e9e, mais nous avons r\u00e9ussi \u00e0 nous adapter et \u00e0 permettre aux gens de se d\u00e9tendre dans la bonne humeur et, ce qui est plus important, en toute s\u00e9curit\u00e9.\u2009\u00bb<\/p>\n<p>Mackenzie s\u2019est entretenu avec ONB au sujet de la saison\u00a02020 \u00e0 l\u2019Algonquin.<\/p>\n<p><strong>ONB\u00a0: Qu\u2019est-ce qui a chang\u00e9 pour l\u2019Algonquin et son exploitation depuis la pand\u00e9mie?<\/strong><\/p>\n<p><strong>Mackenzie\u00a0:<\/strong> La pand\u00e9mie nous a ravag\u00e9s en mars, avril et mai. Nous employons habituellement 60 \u00e0 80\u00a0personnes, \u00e0 temps plein et \u00e0 temps partiel, pendant l\u2019hiver. Apr\u00e8s l\u2019entr\u00e9e en vigueur des fermetures, j\u2019ai r\u00e9duit notre taille op\u00e9rationnelle \u00e0 huit employ\u00e9s.<\/p>\n<p>En \u00e9t\u00e9, notre croissance habituelle fait passer notre effectif \u00e0 285\u00a0employ\u00e9s environ. Nous embauchons pour cela de nombreuses personnes de la r\u00e9gion, mais aussi des personnes de l\u2019ext\u00e9rieur de la province. Nous avions propos\u00e9 cette ann\u00e9e \u00e0 des gens de se joindre \u00e0 nous ce printemps et cet \u00e9t\u00e9 et, quand la COVID-19 a frapp\u00e9, nous avons d\u00fb dire \u00e0 environ une centaine de ces personnes que nous ne pourrions pas les faire venir. D\u00e9terminer comment faire face \u00e0 la haute saison avec 100\u00a0personnes de moins que pr\u00e9vu a \u00e9t\u00e9 une t\u00e2che titanesque.<\/p>\n<p><img loading=\"lazy\" decoding=\"async\" class=\"alignright wp-image-36527\" src=\"https:\/\/onbcanada.ca\/wp-content\/uploads\/algonquin-resort-golf-300x225.jpg\" alt=\"\" width=\"387\" height=\"290\" \/>Nous avons analys\u00e9 les co\u00fbts pour savoir si cela valait m\u00eame la peine d\u2019ouvrir pour l\u2019\u00e9t\u00e9\u00a02020. Nous nous sommes demand\u00e9 si la r\u00e9cup\u00e9ration des co\u00fbts serait m\u00eame possible. Notre groupe de propri\u00e9taires est heureusement extr\u00eamement passionn\u00e9 \u00e0 l\u2019\u00e9gard de cet \u00e9tablissement. Au bout du compte, la d\u00e9cision a \u00e9t\u00e9 prise de revoir les op\u00e9rations \u00e0 la baisse, d\u2019ouvrir nos portes, d\u2019offrir une exp\u00e9rience inoubliable comme toujours, tout en satisfaisant \u00e0 toutes les exigences f\u00e9d\u00e9rales et provinciales en mati\u00e8re de sant\u00e9 publique. L\u2019exp\u00e9rience est inhabituelle cette ann\u00e9e \u00e0 cause de certaines restrictions, mais ce n\u2019est pas grave. Nous savons pourquoi et nous nous sommes parfaitement adapt\u00e9s.<\/p>\n<p>Le marketing cible \u00e9videmment plus les gens du Nouveau-Brunswick et nos amis de la bulle atlantique. Nous voulons que les voyageurs sachent qu\u2019ils sont en s\u00e9curit\u00e9 non seulement dans notre \u00e9tablissement, mais aussi \u00e0 Saint Andrews. Cette communaut\u00e9 a pris la pand\u00e9mie au s\u00e9rieux depuis le premier jour. \u00c0 un certain moment, ils n\u2019ont pas h\u00e9sit\u00e9 \u00e0 dire qu\u2019ils n\u2019\u00e9taient pas tout \u00e0 fait pr\u00eats \u00e0 accueillir les visiteurs. Nous sommes pr\u00eats, maintenant.<\/p>\n<p><strong>Quelles seront, selon vous, les cons\u00e9quences \u00e0 long terme pour l\u2019entreprise?<\/strong><\/p>\n<p>J\u2019essaie de demeurer optimiste. Il y a cependant un effet de domino quand on pense aux r\u00e9percussions que les compagnies a\u00e9riennes ont subies et qui les ont contraintes \u00e0 fermer plusieurs liaisons a\u00e9riennes. Cela peut nuire aux petites communaut\u00e9s comme la n\u00f4tre, non seulement aux grandes villes. Il est hors de doute que certains h\u00f4tels n\u2019y survivront pas. Pour nous, innover et mettre l\u2019accent sur notre histoire et sur ce qui rend notre \u00e9tablissement unique et de calibre mondial vont demeurer la cl\u00e9 de notre strat\u00e9gie.<\/p>\n<p>Nous sommes une petite province et, par cons\u00e9quent, une communaut\u00e9 soud\u00e9e. Les prochains mois et les prochaines ann\u00e9es seront pour nous l\u2019occasion de tirer au clair notre identit\u00e9 provinciale. C\u2019est le moment id\u00e9al pour examiner ce que le Nouveau-Brunswick peut offrir collectivement, pour nous rapprocher les uns des autres et pour compl\u00e9ter les services de chacun afin d\u2019attirer irr\u00e9sistiblement les gens dans notre r\u00e9gion. Par exemple, pour notre gamme d\u2019aliments et de boissons, nous faisons d\u00e9j\u00e0 du bon travail pour trouver des fournisseurs locaux. En revanche, certains de nos autres produits viennent de multinationales. Je pense que c\u2019est cela qui pourrait vraiment changer\u00a0: l\u2019augmentation du nombre de partenariats locaux. En nouant un plus grand nombre de partenariats avec de petites entreprises locales, nous pourrons \u00e9galement <em>les<\/em> aider \u00e0 survivre et \u00e0 prosp\u00e9rer, tout en faisant b\u00e9n\u00e9ficier encore plus notre propri\u00e9t\u00e9 et ses h\u00f4tes de l\u2019authenticit\u00e9 et de l\u2019hospitalit\u00e9 des Maritimes.<\/p>\n<p><strong>Y a-t-il eu une lueur d\u2019espoir pour vous pendant ou depuis la pand\u00e9mie?<\/strong><\/p>\n<p>J\u2019ai d\u2019autres responsabilit\u00e9s en Nouvelle-\u00c9cosse et j\u2019ai trois\u00a0enfants qui passent 50\u00a0pour\u00a0cent de leur temps l\u00e0-bas. Quand la COVID-19 a frapp\u00e9, je n\u2019ai pas pu les voir pendant plus de deux\u00a0mois. Cela a \u00e9t\u00e9 difficile pour moi.<\/p>\n<p>La lueur d\u2019espoir pour moi, et je suis certain que je ne suis pas le seul dans ce cas, c\u2019est de savoir tout ce que nous avons sacrifi\u00e9 sur le plan personnel et professionnel pendant cette p\u00e9riode. Nous avons tous fait face \u00e0 des d\u00e9fis et nous travaillons tous sans rel\u00e2che pour assurer notre s\u00e9curit\u00e9 et notre stabilit\u00e9 financi\u00e8re collectives. Nous avons re\u00e7u un excellent soutien de la part de la communaut\u00e9 locale, d\u2019Opportunit\u00e9s NB, du minist\u00e8re du Tourisme et de tant d\u2019autres. Nous avons uni nos efforts, sans aucun doute.<\/p>\n<p>C\u2019est anecdotique, mais je trouve que nos h\u00f4tes, cette ann\u00e9e, semblent moins r\u00eaveurs et beaucoup plus attentifs envers leurs amis et leur famille. Ils ont pass\u00e9 des mois glu\u00e9s devant leur \u00e9cran. Je pense que de nombreuses personnes voient diff\u00e9remment le temps pass\u00e9 en compagnie de leurs proches. Il faut esp\u00e9rer que ce sentiment ne sera perdu pour aucun de nous.<\/p>\n<p>J\u2019ai 27\u00a0ans d\u2019anciennet\u00e9 dans ce secteur d\u2019activit\u00e9, et ce, pour une raison\u00a0: j\u2019adore ce travail. Si nous pouvons aider nos h\u00f4tes \u00e0 oublier ces stress de l\u2019ann\u00e9e\u00a02020, m\u00eame bri\u00e8vement, nous le ferons.<\/p>\n<p><strong>Enfin, quels sont les trois mots qui vous viennent \u00e0 l\u2019esprit en songeant \u00e0 cette p\u00e9riode?<\/strong><\/p>\n<p>T\u00e9nacit\u00e9, optimisme, compassion.<\/p>\n<p>&#8211;<\/p>\n<p>Renseignez-vous sur l\u2019un des centres de vill\u00e9giature c\u00f4tiers les plus spectaculaires du Canada, l\u2019Algonquin Resort St. Andrews-by-the-Sea, l\u2019un des h\u00f4tels de la Marriott Autograph Collection, \u00e0 <strong><a href=\"https:\/\/www.algonquinresort.com\/\" target=\"_blank\" rel=\"noopener noreferrer\">AlgonquinResort.com<\/a><\/strong>.<\/p>\n<p>Lisez <strong><a href=\"https:\/\/clean.marriott.fr\/\" target=\"_blank\" rel=\"noopener noreferrer\">ici l\u2019engagement en mati\u00e8re de propret\u00e9<\/a> <\/strong>de Marriott \u00e0 la suite de la COVID-19.<\/p>\n<p>Restez \u00e0 l\u2019aff\u00fbt de tout le soutien qu\u2019ONB peut offrir pour <strong><a href=\"https:\/\/wordpress-403092-4927216.cloudwaysapps.com\/fr\/covid-19\/\" target=\"_blank\" rel=\"noopener noreferrer\">faire face \u00e0 la COVID-19<\/a><\/strong>.<\/p>\n","protected":false},"excerpt":{"rendered":"<p>Le Centre de vill\u00e9giature Algonquin \u00e0 Saint Andrews est, depuis sa construction en 1889, une destination embl\u00e9matique du Nouveau-Brunswick. L\u2019\u00e9difice le plus c\u00e9l\u00e8bre et le plus photographi\u00e9 de la ville [&hellip;]<\/p>\n","protected":false},"author":6,"featured_media":6985,"comment_status":"closed","ping_status":"closed","sticky":false,"template":"","format":"standard","meta":{"_seopress_robots_primary_cat":"","_seopress_titles_title":"%%title%% %%page%%","_seopress_titles_desc":"","_seopress_robots_index":"","footnotes":""},"categories":[283],"tags":[],"sub-category":[],"class_list":["post-6986","post","type-post","status-publish","format-standard","has-post-thumbnail","hentry","category-nouvelles-donb"],"meta_box":{"company_name":"","custom_url":""},"_links":{"self":[{"href":"https:\/\/onbcanada.ca\/fr\/wp-json\/wp\/v2\/posts\/6986","targetHints":{"allow":["GET"]}}],"collection":[{"href":"https:\/\/onbcanada.ca\/fr\/wp-json\/wp\/v2\/posts"}],"about":[{"href":"https:\/\/onbcanada.ca\/fr\/wp-json\/wp\/v2\/types\/post"}],"author":[{"embeddable":true,"href":"https:\/\/onbcanada.ca\/fr\/wp-json\/wp\/v2\/users\/6"}],"replies":[{"embeddable":true,"href":"https:\/\/onbcanada.ca\/fr\/wp-json\/wp\/v2\/comments?post=6986"}],"version-history":[{"count":1,"href":"https:\/\/onbcanada.ca\/fr\/wp-json\/wp\/v2\/posts\/6986\/revisions"}],"predecessor-version":[{"id":6987,"href":"https:\/\/onbcanada.ca\/fr\/wp-json\/wp\/v2\/posts\/6986\/revisions\/6987"}],"wp:featuredmedia":[{"embeddable":true,"href":"https:\/\/onbcanada.ca\/fr\/wp-json\/wp\/v2\/media\/6985"}],"wp:attachment":[{"href":"https:\/\/onbcanada.ca\/fr\/wp-json\/wp\/v2\/media?parent=6986"}],"wp:term":[{"taxonomy":"category","embeddable":true,"href":"https:\/\/onbcanada.ca\/fr\/wp-json\/wp\/v2\/categories?post=6986"},{"taxonomy":"post_tag","embeddable":true,"href":"https:\/\/onbcanada.ca\/fr\/wp-json\/wp\/v2\/tags?post=6986"},{"taxonomy":"sub-category","embeddable":true,"href":"https:\/\/onbcanada.ca\/fr\/wp-json\/wp\/v2\/sub-category?post=6986"}],"curies":[{"name":"wp","href":"https:\/\/api.w.org\/{rel}","templated":true}]}}