{"id":7632,"date":"2022-08-16T10:00:28","date_gmt":"2022-08-16T14:00:28","guid":{"rendered":"https:\/\/onbcanada.ca\/volet-immigration-entrepreneurs\/"},"modified":"2025-01-29T12:44:36","modified_gmt":"2025-01-29T17:44:36","slug":"volet-immigration-entrepreneurs","status":"publish","type":"post","link":"https:\/\/onbcanada.ca\/fr\/volet-immigration-entrepreneurs\/","title":{"rendered":"Une famille d\u2019agriculteurs profite du volet Immigration des entrepreneurs pour venir au Nouveau-Brunswick"},"content":{"rendered":"<p>De 2009 \u00e0 mai 2021, Pieter et Sylvia Meindertsma ont \u00e9t\u00e9 producteurs laitiers dans le nord de la Hollande. Trouvant certaines r\u00e9glementations et certains quotas de production trop contraignants aux Pays-Bas, ils ont d\u00e9cid\u00e9 qu\u2019il \u00e9tait temps de changer. Le Canada semblait \u00eatre un endroit id\u00e9al pour vivre et poursuivre leurs int\u00e9r\u00eats agricoles.<\/p>\n<p>\u00ab\u2009Nous avons pass\u00e9 environ deux ans \u00e0 faire des recherches en ligne pour trouver une solution de rechange et nous avons d\u00e9cid\u00e9 de nous int\u00e9resser aux fermes de l\u2019\u00cele-du-Prince-\u00c9douard en raison de la r\u00e9putation de ses sols de qualit\u00e9, explique Pieter. Nous avons finalement trouv\u00e9 que c\u2019\u00e9tait trop cher, et un peu limitatif en termes de potentiel de croissance. Nous avons donc cherch\u00e9 du c\u00f4t\u00e9 du Nouveau-Brunswick.\u2009\u00bb C\u2019est alors que Pieter est entr\u00e9 en contact avec un consultant en immigration certifi\u00e9, qui lui a pr\u00e9sent\u00e9 le <a href=\"https:\/\/www.welcomenb.ca\/content\/wel-bien\/fr\/volet-dimmigration-entrepreneurs-nb.html\" target=\"_blank\" rel=\"noopener\"><strong>volet Immigration des entrepreneurs (VIE)<\/strong><\/a> et l\u2019a aid\u00e9 \u00e0 pr\u00e9parer sa demande.<\/p>\n<h4><strong>Le volet Immigration des entrepreneurs du Nouveau-Brunswick <\/strong><\/h4>\n<p>Le VIE est une voie d\u2019immigration pour les entrepreneurs chevronn\u00e9s qui sont pr\u00eats \u00e0 fonder, \u00e0 exploiter et \u00e0 g\u00e9rer activement une entreprise tout en vivant et en s\u2019\u00e9tablissant au Nouveau-Brunswick en permanence. Le VIE fonctionne dans le cadre du Programme des candidats du Nouveau-Brunswick (<a href=\"https:\/\/www.welcomenb.ca\/content\/wel-bien\/fr\/Immigrer\/content\/CommentImmigrer\/ProgrammeDesCandidatsDuNB-PCNB.html\" target=\"_blank\" rel=\"noopener\"><strong>PCNB<\/strong><\/a>), un programme d\u2019immigration qui permet au gouvernement du Nouveau-Brunswick (GNB) de d\u00e9signer les personnes les plus aptes \u00e0 s\u2019\u00e9tablir \u00e9conomiquement dans la province.<\/p>\n<p>Les nouveaux arrivants potentiels peuvent \u00eatre admissibles au VIE s\u2019ils cr\u00e9ent une entreprise au Nouveau-Brunswick ou s\u2019ils en ach\u00e8tent une. Les autres crit\u00e8res d\u2019admissibilit\u00e9 au VIE sont notamment les suivants\u00a0: faire un investissement admissible d\u2019au moins 150\u00a0000\u00a0$CAN, exploiter l\u2019entreprise au Nouveau-Brunswick ou jouer un r\u00f4le de gestion actif au sein de l\u2019entreprise. Les candidats approuv\u00e9s b\u00e9n\u00e9ficient d\u2019une aide pour demander un permis de travail temporaire de deux ans. Si le demandeur remplit toutes les conditions de sa demande (investissement, exploitation, etc.), il est d\u00e9sign\u00e9 par le PCNB pour demander \u00e0 devenir r\u00e9sident permanent.<\/p>\n<h4><strong>Le cap sur le Nouveau-Brunswick <\/strong><\/h4>\n<p>Pieter a soumis une d\u00e9claration d\u2019int\u00e9r\u00eat au d\u00e9but du mois de d\u00e9cembre 2021 et il a \u00e9t\u00e9 invit\u00e9 \u00e0 pr\u00e9senter sa candidature imm\u00e9diatement. Sa demande au VIE a \u00e9t\u00e9 soumise \u00e0 la fin du mois de f\u00e9vrier et elle a \u00e9t\u00e9 rapidement approuv\u00e9e. Il est arriv\u00e9 au Nouveau-Brunswick en mars 2022, et le reste de sa famille l\u2019a rejoint quelques semaines plus tard. Le Nouveau-Brunswick prend l\u2019immigration au s\u00e9rieux et s\u2019engage \u00e0 aider les entrepreneurs ambitieux \u00e0 s\u2019\u00e9tablir dans notre province. Entre leur premier contact avec les repr\u00e9sentants de l\u2019immigration et leur arriv\u00e9e sur place, le voyage de la famille Meindertsma au Nouveau-Brunswick a dur\u00e9 environ cinq mois.<\/p>\n<p>En avril 2022, ils ont achet\u00e9 une ferme de 455 acres \u00e0 Springfield \u00e0 des propri\u00e9taires pr\u00eats \u00e0 se retirer de l\u2019entreprise. La ferme est aujourd\u2019hui en activit\u00e9 avec 65 vaches sur la propri\u00e9t\u00e9. La fille du couple, Hendrikje, a \u00e9galement lanc\u00e9 r\u00e9cemment sa propre entreprise parall\u00e8le d\u2019\u00e9levage de moutons, en achetant 20 moutons \u00e0 l\u2019\u00cele-du-Prince-\u00c9douard.<\/p>\n<p>Sylvia dit qu\u2019ils appr\u00e9cient d\u00e9j\u00e0 la vie au Nouveau-Brunswick. \u00ab\u2009C\u2019est un endroit magnifique. Il a fallu s\u2019y habituer &#8211; au d\u00e9but, nous trouvions qu\u2019il y avait trop d\u2019arbres, nous \u00e9tions habitu\u00e9s aux terres plates des Pays-Bas, dit-elle. En mai, je suis retourn\u00e9 en Hollande pendant une semaine et demie pour voir ma m\u00e8re. Apr\u00e8s trois jours, j\u2019ai dit que je voulais retourner au Nouveau-Brunswick, \u00e7a me manquait. Je pense que nous avons d\u00e9finitivement pris la bonne d\u00e9cision.\u2009\u00bb<\/p>\n<p>\u00ab\u2009C\u2019est un mode de vie plus relaxant. Les agriculteurs se sentent bien accueillis. Tout le monde se salue. Les gens sont tr\u00e8s amicaux ici, ajoute Pieter. Et m\u00eame si la saison de r\u00e9colte est plus courte au Canada qu\u2019en Hollande, les co\u00fbts demeurent plus concurrentiels.\u2009\u00bb<\/p>\n<p>&#8211;<\/p>\n<p>Le volet Immigration des entrepreneurs aide le gouvernement du Nouveau-Brunswick \u00e0 accro\u00eetre la population de notre province en mettant l\u2019accent sur l\u2019immigration cibl\u00e9e. Pour en savoir plus, consultez\u00a0<a href=\"https:\/\/www.welcomenb.ca\/content\/wel-bien\/fr\/volet-dimmigration-entrepreneurs-nb.html\" target=\"_blank\" rel=\"noopener\"><strong>https:\/\/www.welcomenb.ca\/content\/wel-bien\/fr\/volet-dimmigration-entrepreneurs-nb.html<\/strong><\/a><\/p>\n","protected":false},"excerpt":{"rendered":"<p>De 2009 \u00e0 mai 2021, Pieter et Sylvia Meindertsma ont \u00e9t\u00e9 producteurs laitiers dans le nord de la Hollande. Trouvant certaines r\u00e9glementations et certains quotas de production trop contraignants aux [&hellip;]<\/p>\n","protected":false},"author":6,"featured_media":7633,"comment_status":"closed","ping_status":"closed","sticky":false,"template":"","format":"standard","meta":{"_seopress_robots_primary_cat":"","_seopress_titles_title":"%%title%% %%page%%","_seopress_titles_desc":"","_seopress_robots_index":"","footnotes":""},"categories":[283],"tags":[],"sub-category":[],"class_list":["post-7632","post","type-post","status-publish","format-standard","has-post-thumbnail","hentry","category-nouvelles-donb"],"meta_box":{"company_name":"","custom_url":""},"_links":{"self":[{"href":"https:\/\/onbcanada.ca\/fr\/wp-json\/wp\/v2\/posts\/7632","targetHints":{"allow":["GET"]}}],"collection":[{"href":"https:\/\/onbcanada.ca\/fr\/wp-json\/wp\/v2\/posts"}],"about":[{"href":"https:\/\/onbcanada.ca\/fr\/wp-json\/wp\/v2\/types\/post"}],"author":[{"embeddable":true,"href":"https:\/\/onbcanada.ca\/fr\/wp-json\/wp\/v2\/users\/6"}],"replies":[{"embeddable":true,"href":"https:\/\/onbcanada.ca\/fr\/wp-json\/wp\/v2\/comments?post=7632"}],"version-history":[{"count":1,"href":"https:\/\/onbcanada.ca\/fr\/wp-json\/wp\/v2\/posts\/7632\/revisions"}],"predecessor-version":[{"id":7634,"href":"https:\/\/onbcanada.ca\/fr\/wp-json\/wp\/v2\/posts\/7632\/revisions\/7634"}],"wp:featuredmedia":[{"embeddable":true,"href":"https:\/\/onbcanada.ca\/fr\/wp-json\/wp\/v2\/media\/7633"}],"wp:attachment":[{"href":"https:\/\/onbcanada.ca\/fr\/wp-json\/wp\/v2\/media?parent=7632"}],"wp:term":[{"taxonomy":"category","embeddable":true,"href":"https:\/\/onbcanada.ca\/fr\/wp-json\/wp\/v2\/categories?post=7632"},{"taxonomy":"post_tag","embeddable":true,"href":"https:\/\/onbcanada.ca\/fr\/wp-json\/wp\/v2\/tags?post=7632"},{"taxonomy":"sub-category","embeddable":true,"href":"https:\/\/onbcanada.ca\/fr\/wp-json\/wp\/v2\/sub-category?post=7632"}],"curies":[{"name":"wp","href":"https:\/\/api.w.org\/{rel}","templated":true}]}}