{"id":8102,"date":"2024-02-15T12:48:32","date_gmt":"2024-02-15T17:48:32","guid":{"rendered":"https:\/\/onbcanada.ca\/programme-de-developpement-de-lentree-sur-le-marche-pdem\/"},"modified":"2025-01-29T13:27:20","modified_gmt":"2025-01-29T18:27:20","slug":"programme-de-developpement-de-lentree-sur-le-marche-pdem","status":"publish","type":"post","link":"https:\/\/onbcanada.ca\/fr\/programme-de-developpement-de-lentree-sur-le-marche-pdem\/","title":{"rendered":"Programme de d\u00e9veloppement de l\u2019entr\u00e9e sur le march\u00e9 (PDEM)"},"content":{"rendered":"<p><em>Ce projet est soutenu par le Gouvernement du Canada et les quatre provinces atlantiques dans le cadre de l\u2019Accord sur le commerce, l\u2019investissement et la croissance de l\u2019Atlantique.<\/em><\/p>\n<p><strong>Le programme de d\u00e9veloppement de l\u2019entr\u00e9e sur le march\u00e9 (PDEM) <\/strong>aide les exportateurs du Canada atlantique \u00e0 \u00e9tablir une pr\u00e9sence virtuelle en Europe ou en Asie, en les mettant en contact avec des influenceurs et des d\u00e9cideurs afin de d\u00e9velopper leurs canaux de ventes, sans investissement \u00e0 grande \u00e9chelle.<\/p>\n<p>\u00ab\u00a0Je suis ravi de constater que gr\u00e2ce aux connexions \u00e9tablies via le PDEM (consultant bas\u00e9 au Royaume-Uni \u2013 OCO Global), Howell Ventures a \u00e9tabli un partenariat solide et d\u00e9veloppe d\u00e9sormais une strat\u00e9gie de lancement pour s&rsquo;int\u00e9grer dans un r\u00e9seau de distribution \u00e9tabli.\u00a0\u00bb \u2013 Cody Howell, Pr\u00e9sident, Howell Ventures Ltd<\/p>\n<p><strong><a href=\"https:\/\/www.youtube.com\/watch?v=7fsIEtymLME\" target=\"_blank\" rel=\"noopener\">Apprenez-en davantage sur l\u2019exp\u00e9rience de Thermalwood Canada dans le cadre du PDEM.<\/a><\/strong><\/p>\n<h4><strong>Que propose le PDEM?<\/strong><\/h4>\n<p>Ce programme est propos\u00e9 tout au long de l\u2019ann\u00e9e et fournit aux entreprises tout ce dont elles ont besoin pour trouver ou g\u00e9n\u00e9rer de nouvelles ventes, gr\u00e2ce \u00e0 l\u2019\u00e9laboration d\u2019une strat\u00e9gie d\u2019entr\u00e9e sur le march\u00e9 personnalis\u00e9e. Cela comprend\u00a0:<\/p>\n<ul>\n<li>Jusqu\u2019\u00e0 20 jours de services de d\u00e9veloppement des ventes internationales individuels, ax\u00e9s sur l\u2019accroissement des ventes et l\u2019\u00e9tablissement de contacts au sein du march\u00e9 cibl\u00e9.<\/li>\n<li>L\u2019analyse et l\u2019identification d\u2019opportunit\u00e9s, ainsi que l\u2019\u00e9laboration d\u2019un plan de travail \u00e0 l\u2019inscription, gr\u00e2ce \u00e0 une \u00e9tude de march\u00e9 d\u00e9taill\u00e9e.<\/li>\n<li>Du soutien et une repr\u00e9sentation sur le march\u00e9 assur\u00e9s par des professionnels, accompagn\u00e9s d&rsquo;une mise en relation avec des clients et des partenaires commerciaux potentiels.<\/li>\n<li>L\u2019acc\u00e8s \u00e0 des services et ressources d\u2019appui au marketing afin de soutenir les activit\u00e9s de d\u00e9veloppement du march\u00e9 et la g\u00e9n\u00e9ration de prospects.<\/li>\n<\/ul>\n<p>Pour plus de d\u00e9tails sur le programme, consultez les <a href=\"https:\/\/chambermaster.blob.core.windows.net\/userfiles\/UserFiles\/chambers\/1721\/CMS\/MARKET_Export_Development_Program\/MEDP-Guidelines_French-july-2023.pdf\" target=\"_blank\" rel=\"noopener\"><strong>lignes directrices <\/strong><\/a>du PDEM.<\/p>\n<h4><strong>Pour s\u2019inscrire<\/strong><\/h4>\n<p>Pour participer, les exportateurs exp\u00e9riment\u00e9s ou les entreprises engag\u00e9es dans une strat\u00e9gie de croissance des exportations sont invit\u00e9s \u00e0 remplir le formulaire d\u2019application ci-dessous. Les candidats seront interview\u00e9s par des charg\u00e9s du d\u00e9veloppement des exportations. Les participants retenus devront s&rsquo;acquitter des frais de participation non remboursables de 4\u00a0750\u00a0$\u00a0CAD, TVH en sus.<\/p>\n<p><a href=\"MEDP%20Application%20FR%20July%202023.pdf\" target=\"_blank\" rel=\"noopener\"><strong>Appliquez d\u00e8s aujourd\u2019hui<\/strong><\/a><\/p>\n<p>Pour en savoir plus, veuillez communiquer avec\u00a0:<\/p>\n<ul>\n<li>Barry Pope<\/li>\n<li>Charg\u00e9 de l\u2019expansion des exportations, Opportunit\u00e9s\u00a0NB<\/li>\n<li>(506) 474-3742<\/li>\n<li><a href=\"mailto:barry.pope@ONBCanada.ca\" target=\"_blank\" rel=\"noopener\"><strong>barry.pope@ONBCanada.ca<\/strong><\/a><\/li>\n<\/ul>\n<p><img loading=\"lazy\" decoding=\"async\" class=\"alignnone wp-image-45207\" src=\"https:\/\/onbcanada.ca\/wp-content\/uploads\/atigabanner_colour_june2022_bil-1-scaled.jpg\" alt=\"\" width=\"868\" height=\"55\" \/><\/p>\n","protected":false},"excerpt":{"rendered":"<p>Ce projet est soutenu par le Gouvernement du Canada et les quatre provinces atlantiques dans le cadre de l\u2019Accord sur le commerce, l\u2019investissement et la croissance de l\u2019Atlantique. Le programme [&hellip;]<\/p>\n","protected":false},"author":19,"featured_media":8009,"comment_status":"closed","ping_status":"closed","sticky":false,"template":"","format":"standard","meta":{"_seopress_robots_primary_cat":"","_seopress_titles_title":"%%title%% %%page%%","_seopress_titles_desc":"","_seopress_robots_index":"","footnotes":""},"categories":[283],"tags":[],"sub-category":[561],"class_list":["post-8102","post","type-post","status-publish","format-standard","has-post-thumbnail","hentry","category-nouvelles-donb","sub-category-developpement-a-lexportation"],"meta_box":{"company_name":"","custom_url":""},"_links":{"self":[{"href":"https:\/\/onbcanada.ca\/fr\/wp-json\/wp\/v2\/posts\/8102","targetHints":{"allow":["GET"]}}],"collection":[{"href":"https:\/\/onbcanada.ca\/fr\/wp-json\/wp\/v2\/posts"}],"about":[{"href":"https:\/\/onbcanada.ca\/fr\/wp-json\/wp\/v2\/types\/post"}],"author":[{"embeddable":true,"href":"https:\/\/onbcanada.ca\/fr\/wp-json\/wp\/v2\/users\/19"}],"replies":[{"embeddable":true,"href":"https:\/\/onbcanada.ca\/fr\/wp-json\/wp\/v2\/comments?post=8102"}],"version-history":[{"count":1,"href":"https:\/\/onbcanada.ca\/fr\/wp-json\/wp\/v2\/posts\/8102\/revisions"}],"predecessor-version":[{"id":8103,"href":"https:\/\/onbcanada.ca\/fr\/wp-json\/wp\/v2\/posts\/8102\/revisions\/8103"}],"wp:featuredmedia":[{"embeddable":true,"href":"https:\/\/onbcanada.ca\/fr\/wp-json\/wp\/v2\/media\/8009"}],"wp:attachment":[{"href":"https:\/\/onbcanada.ca\/fr\/wp-json\/wp\/v2\/media?parent=8102"}],"wp:term":[{"taxonomy":"category","embeddable":true,"href":"https:\/\/onbcanada.ca\/fr\/wp-json\/wp\/v2\/categories?post=8102"},{"taxonomy":"post_tag","embeddable":true,"href":"https:\/\/onbcanada.ca\/fr\/wp-json\/wp\/v2\/tags?post=8102"},{"taxonomy":"sub-category","embeddable":true,"href":"https:\/\/onbcanada.ca\/fr\/wp-json\/wp\/v2\/sub-category?post=8102"}],"curies":[{"name":"wp","href":"https:\/\/api.w.org\/{rel}","templated":true}]}}