{"id":8145,"date":"2024-03-25T10:00:24","date_gmt":"2024-03-25T14:00:24","guid":{"rendered":"https:\/\/onbcanada.ca\/laureats-prix-de-exportation\/"},"modified":"2025-01-29T13:30:47","modified_gmt":"2025-01-29T18:30:47","slug":"laureats-prix-de-exportation","status":"publish","type":"post","link":"https:\/\/onbcanada.ca\/fr\/laureats-prix-de-exportation\/","title":{"rendered":"Les laur\u00e9ats des Prix de l\u2019exportation du Nouveau-Brunswick expliquent ce que ce prix signifie pour eux"},"content":{"rendered":"<p>Ce moment de l\u2019ann\u00e9e tant attendu est \u00e0 nos portes\u00a0: la remise des Prix de l&rsquo;exportation du Nouveau-Brunswick aura lieu le <strong>jeudi\u00a030\u00a0mai \u00e0 l\u2019h\u00f4tel Delta Beausejour \u00e0 Moncton<\/strong>. Organis\u00e9s par Opportunit\u00e9s\u00a0NB (ONB), les Prix de l\u2019exportation, qui en sont \u00e0 leur 56<sup>e<\/sup>\u00a0\u00e9dition cons\u00e9cutive, c\u00e9l\u00e8brent le savoir-faire, l\u2019entrepreneuriat et l\u2019innovation des propri\u00e9taires d\u2019entreprises du Nouveau-Brunswick qui r\u00e9ussissent \u00e0 l\u2019\u00e9chelle locale et internationale.<\/p>\n<p>Les avantages de la <a href=\"https:\/\/forms.clickup.com\/9003039865\/f\/8c9yz3t-7377\/NFKXZLSIIFD29M3IAB\" target=\"_blank\" rel=\"noopener\"><strong>mise en candidature pour un Prix de l\u2019exportation<\/strong><\/a> et de la participation \u00e0 l\u2019\u00e9v\u00e9nement sont nombreux\u00a0:<\/p>\n<ul>\n<li>la possibilit\u00e9 de remporter un prestigieux prix provincial et d\u2019\u00eatre reconnu lors des activit\u00e9s de la soir\u00e9e;<\/li>\n<li>l\u2019occasion d\u2019agrandir son r\u00e9seau et de g\u00e9n\u00e9rer d\u2019excellentes possibilit\u00e9s d\u2019affaires avec des exportateurs prosp\u00e8res du Nouveau-Brunswick;<\/li>\n<li>deux billets gratuits pour assister au gala des Prix de l\u2019exportation;<\/li>\n<li>une couverture dans les m\u00e9dias, sur les m\u00e9dias sociaux et dans le cadre d\u2019activit\u00e9s de relations publiques;<\/li>\n<li>la participation \u00e0 la c\u00e9l\u00e9bration de r\u00e9ussites locales en compagnie d\u2019autres chefs d\u2019entreprise passionn\u00e9s du Nouveau-Brunswick.<\/li>\n<\/ul>\n<h4><strong>Mais voyez plut\u00f4t par vous-m\u00eames!<\/strong><\/h4>\n<p>Nous avons demand\u00e9 aux laur\u00e9ats d\u2019\u00e9ditions pr\u00e9c\u00e9dentes ce que le Prix de l&rsquo;exportation du Nouveau-Brunswick signifiait pour eux. Voici les t\u00e9moignages de deux des laur\u00e9ats de l\u2019ann\u00e9e derni\u00e8re,\u00a0<a href=\"https:\/\/corey.ca\/fr\/accueil\/\" target=\"_blank\" rel=\"noopener\"><strong>Corey Nutrition Company<\/strong><\/a>\u00a0(exportateur de l\u2019ann\u00e9e \u2013 plus de 5\u00a0millions de dollars), et\u00a0<a href=\"https:\/\/passiv.com\/\" target=\"_blank\" rel=\"noopener\"><strong>Passiv Inc.<\/strong><\/a>\u00a0 (exportateur \u00e9mergent de l\u2019ann\u00e9e Yves\u00a0Maillet).<\/p>\n<h4><strong>Quels sont les principaux avantages que votre entreprise a retir\u00e9s de sa participation aux Prix de l\u2019exportation?<\/strong><\/h4>\n<p><strong><u>Corey Nutrition<\/u><\/strong>\u00a0: une visibilit\u00e9 accrue de notre entreprise et de ce que nous avons pu accomplir \u00e0 partir d\u2019un point d\u2019attache au Nouveau-Brunswick. Nous travaillons toujours d\u2019arrache-pied, sans vraiment prendre le temps d\u2019appr\u00e9cier le fruit de notre labeur.\u00a0Des c\u00e9l\u00e9brations comme les Prix de l\u2019exportation d\u2019ONB nous donnent l\u2019occasion de r\u00e9fl\u00e9chir aux r\u00e9ussites de notre entreprise et d\u2019autres brillantes entreprises de la province et de les c\u00e9l\u00e9brer.<\/p>\n<p>C\u2019est aussi une occasion de r\u00e9seauter et de s\u2019informer, au cours de laquelle on peut \u00e9tablir des liens et des relations de collaboration locales et o\u00f9 l\u2019on en apprend beaucoup sur la diversit\u00e9 des entreprises de la province.<\/p>\n<p><strong><u>Passiv<\/u><\/strong>\u00a0: Passiv a \u00e9norm\u00e9ment profit\u00e9 des Prix de l\u2019exportation. La cr\u00e9dibilit\u00e9 est essentielle \u00e0 une nouvelle entreprise en croissance. Les clients potentiels et, de fa\u00e7on tout aussi importante, les investisseurs veulent voir que l\u2019entreprise grandit et rayonne. Ce prix nous a permis de nous afficher comme acteur cl\u00e9 dans notre domaine.<\/p>\n<h4><strong>Comment se sent-on lorsqu\u2019on est reconnu au sein d\u2019un groupe de pairs exceptionnels?<\/strong><\/h4>\n<p><strong><u>Passiv<\/u><\/strong>\u00a0: C\u2019est un grand honneur. Nous admirons les entreprises en nomination et celles qui ont d\u00e9j\u00e0 gagn\u00e9. \u00catre reconnu au sein de sa communaut\u00e9 et par ses pairs est un v\u00e9ritable moteur pour les ambitions professionnelles. \u00c7a fait d\u00e9sormais partie de notre histoire et nous esp\u00e9rons que nous nous souviendrons de ce moment comme de celui o\u00f9 tout a commenc\u00e9.<\/p>\n<p><strong><u>Corey Nutrition<\/u><\/strong>\u00a0: Nous sommes fiers du chemin parcouru ces derni\u00e8res ann\u00e9es. Le Prix de l\u2019exportation nous a permis de c\u00e9l\u00e9brer nos victoires et de redynamiser notre \u00e9quipe.\u00a0Nous n\u2019aurions pas pu remporter ce prix sans le travail acharn\u00e9 et le d\u00e9vouement de notre personnel et de nos nombreux partenaires externes.\u00a0On veut souvent faire partie de quelque chose de plus grand que soi. Remporter un tel prix est le signe que nous faisons au moins quelques bonnes choses. Nous sommes honor\u00e9s de figurer parmi d\u2019autres entreprises remarquables qui m\u00e9ritent elles aussi la reconnaissance que nous avons re\u00e7ue.<\/p>\n<h4><strong>Quels conseils donneriez-vous aux entreprises qui envisagent de poser leur candidature pour un prix de l\u2019exportation?<\/strong><\/h4>\n<p><strong><u>Corey Nutrition<\/u><\/strong>\u00a0: Ne vous sous-estimez pas.\u00a0Les prix couvrent une vari\u00e9t\u00e9 de types d\u2019entreprises et de courbes de croissance.\u00a0L\u2019exportation en dehors du Canada atlantique est en soi une \u00e9tape importante.\u00a0Les prix sont l\u2019occasion de r\u00e9seauter avec des gens qui partagent les m\u00eames id\u00e9es et d\u2019\u00e9tablir des partenariats mutuellement b\u00e9n\u00e9fiques qui peuvent vous aider, vous et votre entreprise, \u00e0 cro\u00eetre.<\/p>\n<p><strong><u>Passiv<\/u><\/strong>\u00a0: Soyez clair sur votre proposition de valeur et sur le probl\u00e8me que vous r\u00e9solvez. Ce conseil pratique vous aidera tant \u00e0 pr\u00e9senter un dossier de candidature convaincant qu\u2019\u00e0 b\u00e2tir un leadership \u00e9clair\u00e9 pour d\u2019autres chefs d\u2019entreprise \u00e0 l\u2019occasion de la remise des prix. Les conversations de r\u00e9seautage sont plus simples lorsqu\u2019on comprend ce que vous apportez \u00e0 votre domaine \u2013 qui sait quelles relations vous pourriez \u00e9tablir!<\/p>\n<h4><strong>D\u00e9p\u00f4t d\u2019une candidature aux Prix de l\u2019exportation<\/strong><\/h4>\n<p>La valeur des ventes de votre entreprise \u00e0 l\u2019ext\u00e9rieur des provinces maritimes s\u2019\u00e9l\u00e8ve-t-elle \u00e0 30\u00a0000\u00a0$ ou plus? Si tel est le cas, vous pourriez \u00eatre en lice pour remporter l\u2019un de nos prestigieux Prix de l\u2019exportation du Nouveau-Brunswick.<\/p>\n<p>Pour participer, remplissez le formulaire de candidature en cliquant sur le lien ci-dessous avant le 1<sup>er<\/sup>\u00a0avril\u00a02024.<\/p>\n<h3 style=\"text-align: center;\"><a href=\"https:\/\/forms.clickup.com\/9003039865\/f\/8c9yz3t-7377\/NFKXZLSIIFD29M3IAB\" target=\"_blank\" rel=\"noopener\"><strong>Posez votre candidature d\u00e8s aujourd\u2019hui<\/strong><\/a><\/h3>\n","protected":false},"excerpt":{"rendered":"<p>Ce moment de l\u2019ann\u00e9e tant attendu est \u00e0 nos portes\u00a0: la remise des Prix de l&rsquo;exportation du Nouveau-Brunswick aura lieu le jeudi\u00a030\u00a0mai \u00e0 l\u2019h\u00f4tel Delta Beausejour \u00e0 Moncton. Organis\u00e9s par [&hellip;]<\/p>\n","protected":false},"author":6,"featured_media":8143,"comment_status":"closed","ping_status":"closed","sticky":false,"template":"","format":"standard","meta":{"_seopress_robots_primary_cat":"","_seopress_titles_title":"Les laur\u00e9ats des Prix de l\u2019exportation du N.-B.expliquent ce que ce prix signifie pour eux","_seopress_titles_desc":"La remise des Prix de l'exportation du Nouveau-Brunswick aura lieu le jeudi\u00a030\u00a0mai \u00e0 l\u2019h\u00f4tel Delta Beausejour \u00e0 Moncton.","_seopress_robots_index":"","footnotes":""},"categories":[283],"tags":[],"sub-category":[561],"class_list":["post-8145","post","type-post","status-publish","format-standard","has-post-thumbnail","hentry","category-nouvelles-donb","sub-category-developpement-a-lexportation"],"meta_box":{"company_name":"","custom_url":""},"_links":{"self":[{"href":"https:\/\/onbcanada.ca\/fr\/wp-json\/wp\/v2\/posts\/8145","targetHints":{"allow":["GET"]}}],"collection":[{"href":"https:\/\/onbcanada.ca\/fr\/wp-json\/wp\/v2\/posts"}],"about":[{"href":"https:\/\/onbcanada.ca\/fr\/wp-json\/wp\/v2\/types\/post"}],"author":[{"embeddable":true,"href":"https:\/\/onbcanada.ca\/fr\/wp-json\/wp\/v2\/users\/6"}],"replies":[{"embeddable":true,"href":"https:\/\/onbcanada.ca\/fr\/wp-json\/wp\/v2\/comments?post=8145"}],"version-history":[{"count":1,"href":"https:\/\/onbcanada.ca\/fr\/wp-json\/wp\/v2\/posts\/8145\/revisions"}],"predecessor-version":[{"id":8146,"href":"https:\/\/onbcanada.ca\/fr\/wp-json\/wp\/v2\/posts\/8145\/revisions\/8146"}],"wp:featuredmedia":[{"embeddable":true,"href":"https:\/\/onbcanada.ca\/fr\/wp-json\/wp\/v2\/media\/8143"}],"wp:attachment":[{"href":"https:\/\/onbcanada.ca\/fr\/wp-json\/wp\/v2\/media?parent=8145"}],"wp:term":[{"taxonomy":"category","embeddable":true,"href":"https:\/\/onbcanada.ca\/fr\/wp-json\/wp\/v2\/categories?post=8145"},{"taxonomy":"post_tag","embeddable":true,"href":"https:\/\/onbcanada.ca\/fr\/wp-json\/wp\/v2\/tags?post=8145"},{"taxonomy":"sub-category","embeddable":true,"href":"https:\/\/onbcanada.ca\/fr\/wp-json\/wp\/v2\/sub-category?post=8145"}],"curies":[{"name":"wp","href":"https:\/\/api.w.org\/{rel}","templated":true}]}}