{"id":9647,"date":"2015-11-03T05:00:00","date_gmt":"2015-11-03T10:00:00","guid":{"rendered":"https:\/\/onbcanada.ca\/press_release\/sommet-sur-les-possibilites-concernant-les-technologies-de-linformation-et-des-communications\/"},"modified":"2025-01-23T09:31:09","modified_gmt":"2025-01-23T14:31:09","slug":"sommet-sur-les-possibilites-concernant-les-technologies-de-linformation-et-des-communications","status":"publish","type":"post","link":"https:\/\/onbcanada.ca\/fr\/sommet-sur-les-possibilites-concernant-les-technologies-de-linformation-et-des-communications\/","title":{"rendered":"Sommet sur les possibilit\u00e9s concernant les technologies de l\u2019information et des communications"},"content":{"rendered":"<p>Le 3 novembre 2015, FREDERICTON (GNB) \u2013 Le premier ministre, Brian Gallant, qui est \u00e9galement ministre responsable de l\u2019Innovation, a \u00e9t\u00e9 l\u2019h\u00f4te, aujourd\u2019hui, d\u2019un Sommet sur les possibilit\u00e9s, \u00e0 Fredericton, \u00e0 l\u2019intention des gens qui travaillent dans le secteur des technologies de l\u2019information et des communications.<\/p>\n<p>\u00ab Appuyer la croissance dans ce secteur et cr\u00e9er un milieu ax\u00e9 sur l\u2019innovation sont des \u00e9l\u00e9ments importants de notre plan visant \u00e0 cr\u00e9er des emplois et des possibilit\u00e9s dans nos communaut\u00e9s, a d\u00e9clar\u00e9 M. Gallant. En travaillant avec les intervenants, nous \u00e9tablirons un \u00e9cosyst\u00e8me solide en mati\u00e8re d\u2019innovation au Nouveau-Brunswick, ce qui aidera \u00e0 favoriser la croissance. \u00bb<\/p>\n<p>Un groupe d\u2019intervenants des quatre coins de la province ont \u00e9t\u00e9 invit\u00e9s \u00e0 partager leurs id\u00e9es pour favoriser la croissance dans l\u2019industrie.<\/p>\n<p>Le secteur des technologies de l\u2019information et des communications emploie plus de 7000 N\u00e9o-Brunswickois \u2013 et 5000 autres travailleurs occupent des emplois en technologies de l\u2019information dans d\u2019autres secteurs de l\u2019\u00e9conomie \u2013 et il permet d\u2019ajouter plus de 95 millions de dollars au produit int\u00e9rieur brut de la province chaque ann\u00e9e.<\/p>\n<p>Le gouvernement provincial a \u00e9galement annonc\u00e9 l\u2019\u00e9tablissement d\u2019un partenariat avec le secteur priv\u00e9 en vue de mettre en \u0153uvre un projet de laboratoire num\u00e9rique. Ce partenariat servira de base pour stimuler l\u2019innovation en r\u00e9unissant des experts des secteurs public et priv\u00e9.<\/p>\n<p>\u00ab C\u2019est l\u2019occasion pour nous de cr\u00e9er des emplois tout en devenant un gouvernement enti\u00e8rement num\u00e9rique, ce qui nous permettra d\u2019acc\u00e9l\u00e9rer la cr\u00e9ation d\u2019emplois et l\u2019investissement dans le secteur des technologies de l\u2019information et des communications et du coup, de r\u00e9duire les co\u00fbts pour les contribuables \u00bb, a affirm\u00e9 M. Gallant.<\/p>\n<p>Une s\u00e9rie de Sommets sur les possibilit\u00e9s se d\u00e9roulent dans l\u2019ensemble de la province afin de trouver de nouvelles occasions de cr\u00e9ation d\u2019emplois et de croissance \u00e9conomique. Les possibilit\u00e9s rep\u00e9r\u00e9es seront examin\u00e9es et \u00e9valu\u00e9es pour voir si elles peuvent \u00eatre mises en \u0153uvre dans le cadre d\u2019un plan d\u2019action \u00e9conomique pour la province.<\/p>\n<h3><strong>RENSEIGNEMENTS POUR LES M\u00c9DIAS :<\/strong><\/h3>\n<p>Carolyn McCormack, communications, Opportunit\u00e9s NB, 506-453-8168.<\/p>\n","protected":false},"excerpt":{"rendered":"<p>Le 3 novembre 2015, FREDERICTON (GNB) \u2013 Le premier ministre, Brian Gallant, qui est \u00e9galement ministre responsable de l\u2019Innovation, a \u00e9t\u00e9 l\u2019h\u00f4te, aujourd\u2019hui, d\u2019un Sommet sur les possibilit\u00e9s, \u00e0 Fredericton, [&hellip;]<\/p>\n","protected":false},"author":6,"featured_media":0,"comment_status":"closed","ping_status":"open","sticky":false,"template":"","format":"standard","meta":{"_seopress_robots_primary_cat":"","_seopress_titles_title":"Sommet sur les possibilit\u00e9s sur les technologies de l\u2019information et des communications","_seopress_titles_desc":"Sommet sur les possibilit\u00e9s concernant les technologies de l\u2019information et des communications a eu lieu \u00e0 Fredericton , le 3 novembre 2015,","_seopress_robots_index":"","footnotes":""},"categories":[572],"tags":[],"sub-category":[],"class_list":["post-9647","post","type-post","status-publish","format-standard","hentry","category-communiques-de-presse"],"meta_box":{"company_name":"","custom_url":""},"_links":{"self":[{"href":"https:\/\/onbcanada.ca\/fr\/wp-json\/wp\/v2\/posts\/9647","targetHints":{"allow":["GET"]}}],"collection":[{"href":"https:\/\/onbcanada.ca\/fr\/wp-json\/wp\/v2\/posts"}],"about":[{"href":"https:\/\/onbcanada.ca\/fr\/wp-json\/wp\/v2\/types\/post"}],"author":[{"embeddable":true,"href":"https:\/\/onbcanada.ca\/fr\/wp-json\/wp\/v2\/users\/6"}],"replies":[{"embeddable":true,"href":"https:\/\/onbcanada.ca\/fr\/wp-json\/wp\/v2\/comments?post=9647"}],"version-history":[{"count":1,"href":"https:\/\/onbcanada.ca\/fr\/wp-json\/wp\/v2\/posts\/9647\/revisions"}],"predecessor-version":[{"id":9648,"href":"https:\/\/onbcanada.ca\/fr\/wp-json\/wp\/v2\/posts\/9647\/revisions\/9648"}],"wp:attachment":[{"href":"https:\/\/onbcanada.ca\/fr\/wp-json\/wp\/v2\/media?parent=9647"}],"wp:term":[{"taxonomy":"category","embeddable":true,"href":"https:\/\/onbcanada.ca\/fr\/wp-json\/wp\/v2\/categories?post=9647"},{"taxonomy":"post_tag","embeddable":true,"href":"https:\/\/onbcanada.ca\/fr\/wp-json\/wp\/v2\/tags?post=9647"},{"taxonomy":"sub-category","embeddable":true,"href":"https:\/\/onbcanada.ca\/fr\/wp-json\/wp\/v2\/sub-category?post=9647"}],"curies":[{"name":"wp","href":"https:\/\/api.w.org\/{rel}","templated":true}]}}