{"id":9649,"date":"2015-10-22T04:00:00","date_gmt":"2015-10-22T08:00:00","guid":{"rendered":"https:\/\/onbcanada.ca\/press_release\/les-consommateurs-encourages-a-participer-au-samedi-de-la-pme\/"},"modified":"2025-01-23T09:30:01","modified_gmt":"2025-01-23T14:30:01","slug":"les-consommateurs-encourages-a-participer-au-samedi-de-la-pme","status":"publish","type":"post","link":"https:\/\/onbcanada.ca\/fr\/les-consommateurs-encourages-a-participer-au-samedi-de-la-pme\/","title":{"rendered":"Les consommateurs encourag\u00e9s \u00e0 participer au Samedi de la PME"},"content":{"rendered":"<p>Le 22 octobre 2015, FREDERICTON (GNB) \u2013 Alors que les collectivit\u00e9s canadiennes c\u00e9l\u00e8brent la Semaine de la PME, les consommateurs sont encourag\u00e9s \u00e0 visiter les magasins ind\u00e9pendants locaux le samedi 24 octobre et \u00e0 appuyer les entreprises qui sont la pierre angulaire de l\u2019\u00e9conomie canadienne.<\/p>\n<p>Le Samedi de la PME au Canada encourage les consommateurs \u00e0\u00a0<a href=\"http:\/\/www.shopsmallbiz.ca\/fr\/\" target=\"_blank\" rel=\"noopener\">magasiner dans des entreprises locales et ind\u00e9pendantes<\/a>\u00a0ainsi qu\u2019\u00e0 aider les entrepreneurs \u00e0 promouvoir leurs entreprises.<\/p>\n<p>\u00ab\u00a0Les petites entreprises de notre province jouent un r\u00f4le essentiel pour dynamiser et b\u00e2tir notre \u00e9conomie, contribuant ainsi \u00e0 la cr\u00e9ation d\u2019emplois afin que les N\u00e9o-Brunswickois puissent faire vivre leurs familles\u00a0\u00bb, a d\u00e9clar\u00e9 le ministre de l\u2019Aquaculture, de l\u2019Agriculture et des P\u00eaches, Rick Doucet, qui est \u00e9galement ministre responsable d\u2019Opportunit\u00e9s NB. \u00ab\u00a0J\u2019encourage les gens du Nouveau-Brunswick \u00e0 prendre part au Samedi de la PME au Canada et \u00e0 appuyer les petites entreprises tous les jours.\u00a0\u00bb<\/p>\n<p>Parrain\u00e9e par la\u00a0<a href=\"http:\/\/www.cfib-fcei.ca\/francais\/index.html\" target=\"_blank\" rel=\"noopener\">F\u00e9d\u00e9ration canadienne de l\u2019entreprise ind\u00e9pendante<\/a>, l\u2019activit\u00e9 est organis\u00e9e pour mettre en valeur l\u2019apport des petites entreprises \u00e0 la vitalit\u00e9 des collectivit\u00e9s partout au pays et pour soutenir les propri\u00e9taires de ces commerces.<\/p>\n<p>\u00ab\u00a0Le Samedi de la PME est l\u2019occasion pour les N\u00e9o-Brunswickois de c\u00e9l\u00e9brer et d\u2019appuyer les entrepreneurs incroyables qui contribuent \u00e9norm\u00e9ment aux \u00e9conomies locales et qui travaillent tr\u00e8s fort en vue d\u2019offrir des biens et des services dans les quatre coins de la province\u00a0\u00bb, a affirm\u00e9 le directeur des affaires provinciales pour le Nouveau-Brunswick de la f\u00e9d\u00e9ration, Denis Robichaud. \u00ab\u00a0Encore une fois cette ann\u00e9e, je visiterai plusieurs de nos excellentes entreprises de la province et j\u2019esp\u00e8re que tous les gens du Nouveau-Brunswick en feront autant.\u00a0\u00bb<\/p>\n<p>La F\u00e9d\u00e9ration canadienne de l\u2019entreprise ind\u00e9pendante repr\u00e9sente 109 000 propri\u00e9taires de petites entreprises, dont 5000 au Nouveau-Brunswick. La f\u00e9d\u00e9ration d\u00e9fend les int\u00e9r\u00eats de ces entreprises au Canada \u00e0 tous les ordres de gouvernement et elle offre des ressources comme des conseils d\u2019affaires et des rabais sur les services essentiels.<\/p>\n<h3><strong>RENSEIGNEMENTS POUR LES M\u00c9DIAS :<\/strong><\/h3>\n<p>Carolyn McCormack, communications, Opportunit\u00e9s NB, 506-453-8168.<\/p>\n<p>Denis Robichaud, directeur des affaires provinciales, F\u00e9d\u00e9ration canadienne de l\u2019entreprise ind\u00e9pendante, 506-855-2526.<\/p>\n","protected":false},"excerpt":{"rendered":"<p>Le 22 octobre 2015, FREDERICTON (GNB) \u2013 Alors que les collectivit\u00e9s canadiennes c\u00e9l\u00e8brent la Semaine de la PME, les consommateurs sont encourag\u00e9s \u00e0 visiter les magasins ind\u00e9pendants locaux le samedi [&hellip;]<\/p>\n","protected":false},"author":6,"featured_media":0,"comment_status":"closed","ping_status":"open","sticky":false,"template":"","format":"standard","meta":{"_seopress_robots_primary_cat":"","_seopress_titles_title":"Les consommateurs encourag\u00e9s \u00e0 participer au Samedi de la PME","_seopress_titles_desc":"Alors que les collectivit\u00e9s canadiennes c\u00e9l\u00e8brent la Semaine de la PME, les consommateurs sont encourag\u00e9s \u00e0 visiter les magasins ind\u00e9pendants locaux.","_seopress_robots_index":"","footnotes":""},"categories":[572],"tags":[],"sub-category":[],"class_list":["post-9649","post","type-post","status-publish","format-standard","hentry","category-communiques-de-presse"],"meta_box":{"company_name":"","custom_url":""},"_links":{"self":[{"href":"https:\/\/onbcanada.ca\/fr\/wp-json\/wp\/v2\/posts\/9649","targetHints":{"allow":["GET"]}}],"collection":[{"href":"https:\/\/onbcanada.ca\/fr\/wp-json\/wp\/v2\/posts"}],"about":[{"href":"https:\/\/onbcanada.ca\/fr\/wp-json\/wp\/v2\/types\/post"}],"author":[{"embeddable":true,"href":"https:\/\/onbcanada.ca\/fr\/wp-json\/wp\/v2\/users\/6"}],"replies":[{"embeddable":true,"href":"https:\/\/onbcanada.ca\/fr\/wp-json\/wp\/v2\/comments?post=9649"}],"version-history":[{"count":1,"href":"https:\/\/onbcanada.ca\/fr\/wp-json\/wp\/v2\/posts\/9649\/revisions"}],"predecessor-version":[{"id":9650,"href":"https:\/\/onbcanada.ca\/fr\/wp-json\/wp\/v2\/posts\/9649\/revisions\/9650"}],"wp:attachment":[{"href":"https:\/\/onbcanada.ca\/fr\/wp-json\/wp\/v2\/media?parent=9649"}],"wp:term":[{"taxonomy":"category","embeddable":true,"href":"https:\/\/onbcanada.ca\/fr\/wp-json\/wp\/v2\/categories?post=9649"},{"taxonomy":"post_tag","embeddable":true,"href":"https:\/\/onbcanada.ca\/fr\/wp-json\/wp\/v2\/tags?post=9649"},{"taxonomy":"sub-category","embeddable":true,"href":"https:\/\/onbcanada.ca\/fr\/wp-json\/wp\/v2\/sub-category?post=9649"}],"curies":[{"name":"wp","href":"https:\/\/api.w.org\/{rel}","templated":true}]}}