{"id":9788,"date":"2017-01-04T05:00:00","date_gmt":"2017-01-04T10:00:00","guid":{"rendered":"https:\/\/onbcanada.ca\/press_release\/le-secteur-des-centres-de-services-aux-entreprises-etablit-sa-vision-pour-2021\/"},"modified":"2025-01-23T10:09:03","modified_gmt":"2025-01-23T15:09:03","slug":"le-secteur-des-centres-de-services-aux-entreprises-etablit-sa-vision-pour-2021","status":"publish","type":"post","link":"https:\/\/onbcanada.ca\/fr\/le-secteur-des-centres-de-services-aux-entreprises-etablit-sa-vision-pour-2021\/","title":{"rendered":"Le secteur des centres de services aux entreprises \u00e9tablit sa vision pour 2021"},"content":{"rendered":"<p>Le 4 janvier 2017, FREDERICTON (GNB) \u2013 L\u2019industrie des centres de services aux entreprises, anciennement connue comme l\u2019industrie des centres d\u2019appel, modernisera son image et sa vision \u00e0 compter de 2017. Cette industrie figure dans\u00a0<em>le Plan de croissance \u00e9conomique du Nouveau-Brunswick<\/em>\u00a0en tant que possibilit\u00e9 de croissance, et le gouvernement et un comit\u00e9 compos\u00e9 de repr\u00e9sentants de l\u2019industrie se sont concert\u00e9s afin de d\u00e9finir une vision pour 2021.<\/p>\n<p>\u00ab Notre vision pour le secteur des centres de services aux entreprises du Nouveau-Brunswick est d\u2019\u00eatre un chef de file mondial qui d\u00e9termine les besoins des entreprises et y r\u00e9pond, tout en offrant des emplois stables et bien r\u00e9mun\u00e9r\u00e9s ainsi qu\u2019un apport \u00e9conomique aux r\u00e9sidents de la province \u00bb, a d\u00e9clar\u00e9 la ministre du D\u00e9veloppement \u00e9conomique, Francine Landry, qui est \u00e9galement ministre responsable d\u2019Opportunit\u00e9s NB.<\/p>\n<p>Ce secteur est actif dans la province depuis plus de 25 ans et compte une main-d\u2019\u0153uvre se chiffrant \u00e0 plus de 18 000 employ\u00e9s \u00e0 temps plein r\u00e9partis dans 90 centres. La vision, \u00e9tablie par le comit\u00e9 compos\u00e9 de 19 membres, sera ax\u00e9e sur quatre piliers strat\u00e9giques qui contribueront \u00e0 en faire une r\u00e9alit\u00e9 : \u00e9ducation et sensibilisation; d\u00e9veloppement des ressources humaines; d\u00e9veloppement technologique; et gestion active des comptes. Puisqu\u2019il s\u2019agit d\u2019une priorit\u00e9 pour la cr\u00e9ation d\u2019emplois, trois employ\u00e9s d\u2019Opportunit\u00e9s NB consacrent leurs efforts pour contribuer \u00e0 attirer et \u00e0 retenir des entreprises au sein de ce secteur.<\/p>\n<p>\u00ab L\u2019objectif d\u2019Opportunit\u00e9s NB est de contribuer \u00e0 l\u2019avancement du secteur comme chef de file de renomm\u00e9e mondiale qui offre des services de valeur accrue ainsi qu\u2019une croissance de l\u2019emploi et des salaires soutenue \u00bb, a affirm\u00e9 le directeur g\u00e9n\u00e9ral d\u2019Opportunit\u00e9s NB, Stephen Lund. \u00ab Les objectifs pr\u00e9cis sont l\u2019accroissement du nombre d\u2019emplois \u00e0 temps plein dans l\u2019industrie et l\u2019augmentation du salaire moyen. \u00bb<\/p>\n<p>Le comit\u00e9 est compos\u00e9 de chefs de file de l\u2019industrie, de gestionnaires de comptes d\u2019Opportunit\u00e9s NB et d\u2019employ\u00e9s de Service Nouveau-Brunswick qui ont de l\u2019exp\u00e9rience dans le secteur.<\/p>\n<h3><strong>RENSEIGNEMENTS POUR LES M\u00c9DIAS :<\/strong><\/h3>\n<p>Mary-Anne Hurley-Corbyn, communications, Opportunit\u00e9s NB, 506-476-7596.<\/p>\n","protected":false},"excerpt":{"rendered":"<p>Le 4 janvier 2017, FREDERICTON (GNB) \u2013 L\u2019industrie des centres de services aux entreprises, anciennement connue comme l\u2019industrie des centres d\u2019appel, modernisera son image et sa vision \u00e0 compter de [&hellip;]<\/p>\n","protected":false},"author":6,"featured_media":0,"comment_status":"closed","ping_status":"open","sticky":false,"template":"","format":"standard","meta":{"_seopress_robots_primary_cat":"","_seopress_titles_title":"Le secteur des centres de services aux entreprises \u00e9tablit sa vision pour 2021","_seopress_titles_desc":"L\u2019industrie des centres de services aux entreprises du Nouveau-Brunswick modernisera son image et sa vision \u00e0 compter de 2017.","_seopress_robots_index":"","footnotes":""},"categories":[572],"tags":[],"sub-category":[],"class_list":["post-9788","post","type-post","status-publish","format-standard","hentry","category-communiques-de-presse"],"meta_box":{"company_name":"","custom_url":""},"_links":{"self":[{"href":"https:\/\/onbcanada.ca\/fr\/wp-json\/wp\/v2\/posts\/9788","targetHints":{"allow":["GET"]}}],"collection":[{"href":"https:\/\/onbcanada.ca\/fr\/wp-json\/wp\/v2\/posts"}],"about":[{"href":"https:\/\/onbcanada.ca\/fr\/wp-json\/wp\/v2\/types\/post"}],"author":[{"embeddable":true,"href":"https:\/\/onbcanada.ca\/fr\/wp-json\/wp\/v2\/users\/6"}],"replies":[{"embeddable":true,"href":"https:\/\/onbcanada.ca\/fr\/wp-json\/wp\/v2\/comments?post=9788"}],"version-history":[{"count":1,"href":"https:\/\/onbcanada.ca\/fr\/wp-json\/wp\/v2\/posts\/9788\/revisions"}],"predecessor-version":[{"id":9789,"href":"https:\/\/onbcanada.ca\/fr\/wp-json\/wp\/v2\/posts\/9788\/revisions\/9789"}],"wp:attachment":[{"href":"https:\/\/onbcanada.ca\/fr\/wp-json\/wp\/v2\/media?parent=9788"}],"wp:term":[{"taxonomy":"category","embeddable":true,"href":"https:\/\/onbcanada.ca\/fr\/wp-json\/wp\/v2\/categories?post=9788"},{"taxonomy":"post_tag","embeddable":true,"href":"https:\/\/onbcanada.ca\/fr\/wp-json\/wp\/v2\/tags?post=9788"},{"taxonomy":"sub-category","embeddable":true,"href":"https:\/\/onbcanada.ca\/fr\/wp-json\/wp\/v2\/sub-category?post=9788"}],"curies":[{"name":"wp","href":"https:\/\/api.w.org\/{rel}","templated":true}]}}