{"id":9864,"date":"2017-04-04T04:00:00","date_gmt":"2017-04-04T08:00:00","guid":{"rendered":"https:\/\/onbcanada.ca\/press_release\/deuxieme-sommet-sur-les-centres-de-services-daffaires\/"},"modified":"2025-01-23T10:16:56","modified_gmt":"2025-01-23T15:16:56","slug":"deuxieme-sommet-sur-les-centres-de-services-daffaires","status":"publish","type":"post","link":"https:\/\/onbcanada.ca\/fr\/deuxieme-sommet-sur-les-centres-de-services-daffaires\/","title":{"rendered":"Deuxi\u00e8me sommet sur les centres de services d\u2019affaires"},"content":{"rendered":"<p>Le 4 avril 2017, MONCTON (GNB) \u2013 Le gouvernement provincial a \u00e9t\u00e9 l\u2019h\u00f4te d\u2019un sommet de suivi sur les possibilit\u00e9s \u00e9conomiques \u00e0 l\u2019intention du secteur des centres de services d\u2019affaires lundi. Le sommet \u00e9tait ax\u00e9 sur l\u2019accroissement de la sensibilisation au secteur et des possibilit\u00e9s dans le secteur.<\/p>\n<p>\u00ab Nous travaillons fort pour donner suite aux priorit\u00e9s qui sont importantes pour les gens du Nouveau-Brunswick, comme la cr\u00e9ation d\u2019emplois, la croissance \u00e9conomique et l\u2019acc\u00e8s \u00e0 une \u00e9ducation et \u00e0 des soins de sant\u00e9 de qualit\u00e9 pour nos familles \u00bb, a d\u00e9clar\u00e9 le premier ministre, Brian Gallant. \u00ab En partenariat avec des intervenants, nous d\u00e9finissons les forces du secteur des centres de services d\u2019affaires dans le but d\u2019attirer et de retenir des entreprises en vue d\u2019augmenter le nombre de possibilit\u00e9s de croissance, ce qui permettra de cr\u00e9er plus d\u2019emplois dans la province. \u00bb<\/p>\n<p>Des repr\u00e9sentants de diverses entreprises, notamment Primus, Wyndham et Rogers, ont particip\u00e9 au sommet.<\/p>\n<p>\u00ab F\u00e9licitations et merci \u00e0 Opportunit\u00e9s NB pour avoir fait preuve de leadership en vue de promouvoir et de soutenir notre industrie \u00bb, a affirm\u00e9 le directeur du centre d\u2019expertise de RBC, Joe D\u2019Ettore. \u00ab Ce genre de dialogue permettra de favoriser la r\u00e9ussite au niveau de l\u2019entreprise et au niveau communautaire. \u00bb<\/p>\n<p>Les discussions ont port\u00e9 sur les mesures mises en \u0153uvre au cours de la derni\u00e8re ann\u00e9e, l\u2019\u00e9laboration de plans visant les mesures qui seront prises dans l\u2019avenir et les nouvelles possibilit\u00e9s pour le secteur des centres de services d\u2019affaires du Nouveau-Brunswick.<\/p>\n<p>L\u2019activit\u00e9 consistait en un suivi des Sommets sur les possibilit\u00e9s \u00e9conomiques tenus l\u2019ann\u00e9e derni\u00e8re en vue de rep\u00e9rer des nouvelles occasions de cr\u00e9er des emplois et de stimuler la croissance \u00e9conomique.<\/p>\n<h3><strong>RENSEIGNEMENTS POUR LES M\u00c9DIAS :<\/strong><\/h3>\n<p>Jean-Fran\u00e7ois Pelletier, communications gouvernementales, Bureau du Conseil ex\u00e9cutif, 506-444-4718.<\/p>\n<p>Mary-Anne Hurley-Corbyn, communications, Opportunit\u00e9s NB, 506-453-5980.<\/p>\n","protected":false},"excerpt":{"rendered":"<p>Le 4 avril 2017, MONCTON (GNB) \u2013 Le gouvernement provincial a \u00e9t\u00e9 l\u2019h\u00f4te d\u2019un sommet de suivi sur les possibilit\u00e9s \u00e9conomiques \u00e0 l\u2019intention du secteur des centres de services d\u2019affaires [&hellip;]<\/p>\n","protected":false},"author":6,"featured_media":0,"comment_status":"closed","ping_status":"open","sticky":false,"template":"","format":"standard","meta":{"_seopress_robots_primary_cat":"","_seopress_titles_title":"Deuxi\u00e8me sommet sur les centres de services d\u2019affaires - Opportunit\u00e9s NB","_seopress_titles_desc":"Deuxi\u00e8me sommet sur les centres de services d\u2019affaires \u00e9tait ax\u00e9 sur l\u2019accroissement de la sensibilisation au secteur et des possibilit\u00e9s dans le secteur.","_seopress_robots_index":"","footnotes":""},"categories":[572],"tags":[],"sub-category":[],"class_list":["post-9864","post","type-post","status-publish","format-standard","hentry","category-communiques-de-presse"],"meta_box":{"company_name":"","custom_url":""},"_links":{"self":[{"href":"https:\/\/onbcanada.ca\/fr\/wp-json\/wp\/v2\/posts\/9864","targetHints":{"allow":["GET"]}}],"collection":[{"href":"https:\/\/onbcanada.ca\/fr\/wp-json\/wp\/v2\/posts"}],"about":[{"href":"https:\/\/onbcanada.ca\/fr\/wp-json\/wp\/v2\/types\/post"}],"author":[{"embeddable":true,"href":"https:\/\/onbcanada.ca\/fr\/wp-json\/wp\/v2\/users\/6"}],"replies":[{"embeddable":true,"href":"https:\/\/onbcanada.ca\/fr\/wp-json\/wp\/v2\/comments?post=9864"}],"version-history":[{"count":1,"href":"https:\/\/onbcanada.ca\/fr\/wp-json\/wp\/v2\/posts\/9864\/revisions"}],"predecessor-version":[{"id":9865,"href":"https:\/\/onbcanada.ca\/fr\/wp-json\/wp\/v2\/posts\/9864\/revisions\/9865"}],"wp:attachment":[{"href":"https:\/\/onbcanada.ca\/fr\/wp-json\/wp\/v2\/media?parent=9864"}],"wp:term":[{"taxonomy":"category","embeddable":true,"href":"https:\/\/onbcanada.ca\/fr\/wp-json\/wp\/v2\/categories?post=9864"},{"taxonomy":"post_tag","embeddable":true,"href":"https:\/\/onbcanada.ca\/fr\/wp-json\/wp\/v2\/tags?post=9864"},{"taxonomy":"sub-category","embeddable":true,"href":"https:\/\/onbcanada.ca\/fr\/wp-json\/wp\/v2\/sub-category?post=9864"}],"curies":[{"name":"wp","href":"https:\/\/api.w.org\/{rel}","templated":true}]}}