{"id":9868,"date":"2017-04-05T04:00:00","date_gmt":"2017-04-05T08:00:00","guid":{"rendered":"https:\/\/onbcanada.ca\/press_release\/deuxieme-sommet-sur-lacces-aux-capitaux\/"},"modified":"2025-01-23T10:17:28","modified_gmt":"2025-01-23T15:17:28","slug":"deuxieme-sommet-sur-lacces-aux-capitaux","status":"publish","type":"post","link":"https:\/\/onbcanada.ca\/fr\/deuxieme-sommet-sur-lacces-aux-capitaux\/","title":{"rendered":"Deuxi\u00e8me sommet sur l\u2019acc\u00e8s aux capitaux"},"content":{"rendered":"<p>Le 5 avril 2017, SAINT JOHN (GNB) \u2013 Le gouvernement provincial a tenu, mardi, un deuxi\u00e8me Sommet sur les possibilit\u00e9s \u00e9conomiques relatives \u00e0 l\u2019acc\u00e8s aux capitaux.<\/p>\n<p>\u00ab La cr\u00e9ation d\u2019emplois et la croissance \u00e9conomique sont les principales priorit\u00e9s des gens du Nouveau-Brunswick \u00bb, a d\u00e9clar\u00e9 le premier ministre, Brian Gallant. \u00ab Nous travaillons avec acharnement pour veiller \u00e0 ce que les entreprises du Nouveau-Brunswick aient acc\u00e8s aux capitaux dont elles ont besoin pour am\u00e9liorer leur comp\u00e9titivit\u00e9 et cr\u00e9er des emplois. \u00bb<\/p>\n<p>Au cours de la derni\u00e8re ann\u00e9e, le gouvernement a augment\u00e9 le cr\u00e9dit d\u2019imp\u00f4t pour les investisseurs dans les petites entreprises afin de cr\u00e9er des capitaux pour les petites entreprises et les entreprises en d\u00e9marrage, et il a r\u00e9duit le taux d\u2019imposition du revenu des petites entreprises. Le gouvernement met \u00e9galement l\u2019accent sur l\u2019accroissement des d\u00e9penses en immobilisations dans les services professionnels, scientifiques et techniques de 38 pour cent \u00e0 50 pour cent de la moyenne nationale par habitant pour avoir acc\u00e8s \u00e0 d\u2019autres sources de financement.<\/p>\n<p>En tenant compte des points de vue suppl\u00e9mentaires des intervenants, le gouvernement cherchera d\u2019autres possibilit\u00e9s d\u2019accro\u00eetre l\u2019acc\u00e8s aux capitaux et de stimuler la croissance \u00e9conomique.<\/p>\n<p>Les participants au sommet qui a eu lieu mardi comprenaient des repr\u00e9sentants de la Banque Scotia et de la Commission des services financiers et des services aux consommateurs du Nouveau-Brunswick.<\/p>\n<p>Les discussions ont port\u00e9 sur les mesures mises en \u0153uvre par le gouvernement au cours de la derni\u00e8re ann\u00e9e, ainsi que sur la d\u00e9termination de possibilit\u00e9s futures visant \u00e0 am\u00e9liorer l\u2019acc\u00e8s aux capitaux.<\/p>\n<p>L\u2019activit\u00e9 consistait en un suivi des Sommets sur les possibilit\u00e9s \u00e9conomiques tenus l\u2019ann\u00e9e derni\u00e8re dans la province en vue de rep\u00e9rer des nouvelles occasions de cr\u00e9er des emplois et de stimuler la croissance \u00e9conomique.<\/p>\n<h3><strong>RENSEIGNEMENTS POUR LES M\u00c9DIAS :<\/strong><\/h3>\n<p>Jean-Fran\u00e7ois Pelletier, communications gouvernementales, Bureau du Conseil ex\u00e9cutif, 506-444-4718.<\/p>\n<p>Mary-Anne Hurley-Corbyn, communications, Opportunit\u00e9s NB, 506-453-5980.<\/p>\n","protected":false},"excerpt":{"rendered":"<p>Le 5 avril 2017, SAINT JOHN (GNB) \u2013 Le gouvernement provincial a tenu, mardi, un deuxi\u00e8me Sommet sur les possibilit\u00e9s \u00e9conomiques relatives \u00e0 l\u2019acc\u00e8s aux capitaux. \u00ab La cr\u00e9ation d\u2019emplois [&hellip;]<\/p>\n","protected":false},"author":6,"featured_media":0,"comment_status":"closed","ping_status":"open","sticky":false,"template":"","format":"standard","meta":{"_seopress_robots_primary_cat":"","_seopress_titles_title":"Deuxi\u00e8me sommet sur l\u2019acc\u00e8s aux capitaux - Opportunit\u00e9s NB \/ Opportunities NB","_seopress_titles_desc":"Le gouvernement provincial a tenu, mardi, un deuxi\u00e8me Sommet sur les possibilit\u00e9s \u00e9conomiques relatives \u00e0 l\u2019acc\u00e8s aux capitaux.","_seopress_robots_index":"","footnotes":""},"categories":[572],"tags":[],"sub-category":[],"class_list":["post-9868","post","type-post","status-publish","format-standard","hentry","category-communiques-de-presse"],"meta_box":{"company_name":"","custom_url":""},"_links":{"self":[{"href":"https:\/\/onbcanada.ca\/fr\/wp-json\/wp\/v2\/posts\/9868","targetHints":{"allow":["GET"]}}],"collection":[{"href":"https:\/\/onbcanada.ca\/fr\/wp-json\/wp\/v2\/posts"}],"about":[{"href":"https:\/\/onbcanada.ca\/fr\/wp-json\/wp\/v2\/types\/post"}],"author":[{"embeddable":true,"href":"https:\/\/onbcanada.ca\/fr\/wp-json\/wp\/v2\/users\/6"}],"replies":[{"embeddable":true,"href":"https:\/\/onbcanada.ca\/fr\/wp-json\/wp\/v2\/comments?post=9868"}],"version-history":[{"count":1,"href":"https:\/\/onbcanada.ca\/fr\/wp-json\/wp\/v2\/posts\/9868\/revisions"}],"predecessor-version":[{"id":9869,"href":"https:\/\/onbcanada.ca\/fr\/wp-json\/wp\/v2\/posts\/9868\/revisions\/9869"}],"wp:attachment":[{"href":"https:\/\/onbcanada.ca\/fr\/wp-json\/wp\/v2\/media?parent=9868"}],"wp:term":[{"taxonomy":"category","embeddable":true,"href":"https:\/\/onbcanada.ca\/fr\/wp-json\/wp\/v2\/categories?post=9868"},{"taxonomy":"post_tag","embeddable":true,"href":"https:\/\/onbcanada.ca\/fr\/wp-json\/wp\/v2\/tags?post=9868"},{"taxonomy":"sub-category","embeddable":true,"href":"https:\/\/onbcanada.ca\/fr\/wp-json\/wp\/v2\/sub-category?post=9868"}],"curies":[{"name":"wp","href":"https:\/\/api.w.org\/{rel}","templated":true}]}}